{"id":53007,"date":"2023-03-19T14:41:52","date_gmt":"2023-03-19T20:41:52","guid":{"rendered":"http:\/\/www.zonaroja.com.mx\/?p=53007"},"modified":"2023-03-19T14:41:53","modified_gmt":"2023-03-19T20:41:53","slug":"registra-oaxaca-tres-asesinatos-este-fin-de-semana","status":"publish","type":"post","link":"https:\/\/zonaroja.com.mx\/?p=53007","title":{"rendered":"Registra Oaxaca tres asesinatos este fin de semana"},"content":{"rendered":"\n<p>Ismael Garc\u00eda M.\/Zona Roja.&nbsp;<\/p>\n\n\n\n<p>Oaxaca de Ju\u00e1rez, Oax., a 19 de marzo de 2023.- Sin freno la inseguridad y sin acciones preventivas por parte de la Secretar\u00eda de Seguridad y Protecci\u00f3n Ciudadana, en Oaxaca se han registrado tres cr\u00edmenes este fin de semana.<\/p>\n\n\n\n<p>El m\u00e1s reciente caso ocurri\u00f3 la madrugada de este domingo, en San Bartolo Coyotepec, municipio de la regi\u00f3n Valles Centrales ubicado al sur de la capital.<\/p>\n\n\n\n<p>En la calle Reforma, fue ejecutado a balazos un individuo de aproximadamente 25 a\u00f1os de edad, quien hasta el momento permanece en calidad de desconocido.<\/p>\n\n\n\n<p>En Teotitl\u00e1n de Flores Mag\u00f3n, la noche del viernes fue hallado un cuerpo sin vida, con disparos de arma de fuego, en un domicilio de la calle Mariano Escobedo, colonia Guadalupe.<\/p>\n\n\n\n<p>La v\u00edctima fue identificada de manera preliminar como Gabriel M. S., de 28 a\u00f1os de edad, conocido con el alias de \u201cEl Cheje\u201d, quien al parecer tiene antecedentes penales por \u201cnarcomenudeo\u201d.<\/p>\n\n\n\n<p>El individuo habr\u00eda sido abatido por elementos policiacos y de investigaci\u00f3n cuando realizaban el cateo de una vivienda, donde adem\u00e1s detuvieron a otro sujeto, que se escond\u00eda en un tinaco, de nombre Javier H. C. S., de 32 a\u00f1os.<\/p>\n\n\n\n<p>Por otra parte, la tarde del viernes, un individuo fue emboscado y asesinado en los l\u00edmites de Santa Catarina y San Pedro Coatl\u00e1n, en la regi\u00f3n Sierra Sur del estado.<\/p>\n\n\n\n<p>La v\u00edctima fue identificada con las iniciales C. S. R., originario de Miahuatl\u00e1n de Porfirio D\u00edaz, quien presentaba varios impactos de arma de fuego.<\/p>\n","protected":false},"excerpt":{"rendered":"<p>Ismael Garc\u00eda M.\/Zona Roja.&nbsp; Oaxaca de Ju\u00e1rez, Oax., a 19 de marzo de 2023.- Sin&hellip;<\/p>\n","protected":false},"author":2,"featured_media":50335,"comment_status":"closed","ping_status":"open","sticky":false,"template":"","format":"standard","meta":{"_lmt_disableupdate":"","_lmt_disable":"","_jetpack_memberships_contains_paid_content":false,"footnotes":""},"categories":[109,51],"tags":[1155],"class_list":["post-53007","post","type-post","status-publish","format-standard","has-post-thumbnail","hentry","category-minuto-a-minuto","category-zona-roja","tag-san-bartolo-coyotepec"],"jetpack_featured_media_url":"https:\/\/zonaroja.com.mx\/wp-content\/uploads\/2023\/01\/Balazos-violencia-casquillos-escena.jpeg","jetpack_sharing_enabled":true,"_links":{"self":[{"href":"https:\/\/zonaroja.com.mx\/index.php?rest_route=\/wp\/v2\/posts\/53007","targetHints":{"allow":["GET"]}}],"collection":[{"href":"https:\/\/zonaroja.com.mx\/index.php?rest_route=\/wp\/v2\/posts"}],"about":[{"href":"https:\/\/zonaroja.com.mx\/index.php?rest_route=\/wp\/v2\/types\/post"}],"author":[{"embeddable":true,"href":"https:\/\/zonaroja.com.mx\/index.php?rest_route=\/wp\/v2\/users\/2"}],"replies":[{"embeddable":true,"href":"https:\/\/zonaroja.com.mx\/index.php?rest_route=%2Fwp%2Fv2%2Fcomments&post=53007"}],"version-history":[{"count":1,"href":"https:\/\/zonaroja.com.mx\/index.php?rest_route=\/wp\/v2\/posts\/53007\/revisions"}],"predecessor-version":[{"id":53008,"href":"https:\/\/zonaroja.com.mx\/index.php?rest_route=\/wp\/v2\/posts\/53007\/revisions\/53008"}],"wp:featuredmedia":[{"embeddable":true,"href":"https:\/\/zonaroja.com.mx\/index.php?rest_route=\/wp\/v2\/media\/50335"}],"wp:attachment":[{"href":"https:\/\/zonaroja.com.mx\/index.php?rest_route=%2Fwp%2Fv2%2Fmedia&parent=53007"}],"wp:term":[{"taxonomy":"category","embeddable":true,"href":"https:\/\/zonaroja.com.mx\/index.php?rest_route=%2Fwp%2Fv2%2Fcategories&post=53007"},{"taxonomy":"post_tag","embeddable":true,"href":"https:\/\/zonaroja.com.mx\/index.php?rest_route=%2Fwp%2Fv2%2Ftags&post=53007"}],"curies":[{"name":"wp","href":"https:\/\/api.w.org\/{rel}","templated":true}]}}