{"id":53011,"date":"2023-03-19T15:23:38","date_gmt":"2023-03-19T21:23:38","guid":{"rendered":"http:\/\/www.zonaroja.com.mx\/?p=53011"},"modified":"2023-03-19T15:23:40","modified_gmt":"2023-03-19T21:23:40","slug":"seis-dias-despues-resuelve-gobierno-a-medias-demandas-tras-bloqueo-en-istmo","status":"publish","type":"post","link":"https:\/\/zonaroja.com.mx\/?p=53011","title":{"rendered":"Seis d\u00edas despu\u00e9s, resuelve gobierno a medias demandas tras bloqueo en Istmo"},"content":{"rendered":"\n<p>Redacci\u00f3n\/Zona Roja.<\/p>\n\n\n\n<p>Oaxaca de Ju\u00e1rez, Oax., a 19 de marzo de 2023.- Seis d\u00edas despu\u00e9s de iniciada la protesta, con bloqueo durante cinco d\u00edas al acceso carretero a Santo Domingo Tehuantepec, el gobierno de Oaxaca resolvi\u00f3 a medias las demandas de maestros y padres de familia.<\/p>\n\n\n\n<p>Ello porque ser\u00e1 hasta dentro de dos a\u00f1os en que concluya la rehabilitaci\u00f3n de un inmueble hist\u00f3rico, donde funcionan las escuelas primarias \u201cBenito Ju\u00e1rez\u201d y Jos\u00e9 Vasconcelos\u201d de Tehuantepec, da\u00f1ado por el sismo de 2017.<\/p>\n\n\n\n<p>En un comunicado, la administraci\u00f3n estatal que preside el morenista Salom\u00f3n Jara Cruz, inform\u00f3 anoche se lograron los acuerdos, con la firma de una minuta de trabajo.<\/p>\n\n\n\n<p>Entre ellos, los\u201d manifestantes aceptaron los planteamientos que les fueron presentados desde el primer d\u00eda en que se entabl\u00f3 una mesa de di\u00e1logo, luego de reconocer los tiempos y procesos administrativos que llevar\u00e1 retomar el proyecto de reconstrucci\u00f3n de este inmueble afectado por los sismos del 2017 y que no fueron atendidos por la administraci\u00f3n pasada\u201d, inform\u00f3.<\/p>\n\n\n\n<p>Como parte de este di\u00e1logo \u201cse estableci\u00f3 un lapso de dos a\u00f1os para realizar y concluir los trabajos de reconstrucci\u00f3n de los espacios educativos, los cuales iniciar\u00e1n este 12 de abril y estar\u00e1n a cargo del Instituto Oaxaque\u00f1o Constructor de Infraestructura Educativa (Iocied).<\/p>\n\n\n\n<p>\u201cPor parte del Instituto Nacional de Antropolog\u00eda e Historia (INAH) tambi\u00e9n se contar\u00e1n con la renovaci\u00f3n de los permisos de restauraci\u00f3n, toda vez que este inmueble est\u00e1 catalogado como hist\u00f3rico.<\/p>\n\n\n\n<p>\u201cDurante los dos a\u00f1os que durar\u00e1n los trabajos, los pagos de arrendamiento de las instalaciones que ser\u00e1n ocupadas como aulas educativas para el estudiantado ser\u00e1n cubiertos en partes iguales por la autoridad municipal de Santo Domingo Tehuantepec y el Gobierno del Estado\u201d, detall\u00f3.<\/p>\n\n\n\n<p>Asimismo, seg\u00fan el comunicado de la autoridad estatal, \u201cse exhort\u00f3 al personal docente y tutores a que presenten las denuncias correspondientes ante la Fiscal\u00eda General del Estado de Oaxaca por los hechos registrados el pasado viernes 17 de marzo, donde result\u00f3 lesionado un profesor, quien recibir\u00e1 atenci\u00f3n y seguimiento a su demanda\u201d, tras el desalojo violento contra los manifestantes.<\/p>\n","protected":false},"excerpt":{"rendered":"<p>Redacci\u00f3n\/Zona Roja. Oaxaca de Ju\u00e1rez, Oax., a 19 de marzo de 2023.- Seis d\u00edas despu\u00e9s&hellip;<\/p>\n","protected":false},"author":2,"featured_media":53013,"comment_status":"closed","ping_status":"open","sticky":false,"template":"","format":"standard","meta":{"_lmt_disableupdate":"","_lmt_disable":"","_jetpack_memberships_contains_paid_content":false,"footnotes":""},"categories":[109,47],"tags":[125],"class_list":["post-53011","post","type-post","status-publish","format-standard","has-post-thumbnail","hentry","category-minuto-a-minuto","category-zona-gris","tag-santo-domingo-tehuantepec"],"jetpack_featured_media_url":"https:\/\/zonaroja.com.mx\/wp-content\/uploads\/2023\/03\/Primaria-Benito-Juarez-de-Tehuantepec-1.webp","jetpack_sharing_enabled":true,"_links":{"self":[{"href":"https:\/\/zonaroja.com.mx\/index.php?rest_route=\/wp\/v2\/posts\/53011","targetHints":{"allow":["GET"]}}],"collection":[{"href":"https:\/\/zonaroja.com.mx\/index.php?rest_route=\/wp\/v2\/posts"}],"about":[{"href":"https:\/\/zonaroja.com.mx\/index.php?rest_route=\/wp\/v2\/types\/post"}],"author":[{"embeddable":true,"href":"https:\/\/zonaroja.com.mx\/index.php?rest_route=\/wp\/v2\/users\/2"}],"replies":[{"embeddable":true,"href":"https:\/\/zonaroja.com.mx\/index.php?rest_route=%2Fwp%2Fv2%2Fcomments&post=53011"}],"version-history":[{"count":1,"href":"https:\/\/zonaroja.com.mx\/index.php?rest_route=\/wp\/v2\/posts\/53011\/revisions"}],"predecessor-version":[{"id":53014,"href":"https:\/\/zonaroja.com.mx\/index.php?rest_route=\/wp\/v2\/posts\/53011\/revisions\/53014"}],"wp:featuredmedia":[{"embeddable":true,"href":"https:\/\/zonaroja.com.mx\/index.php?rest_route=\/wp\/v2\/media\/53013"}],"wp:attachment":[{"href":"https:\/\/zonaroja.com.mx\/index.php?rest_route=%2Fwp%2Fv2%2Fmedia&parent=53011"}],"wp:term":[{"taxonomy":"category","embeddable":true,"href":"https:\/\/zonaroja.com.mx\/index.php?rest_route=%2Fwp%2Fv2%2Fcategories&post=53011"},{"taxonomy":"post_tag","embeddable":true,"href":"https:\/\/zonaroja.com.mx\/index.php?rest_route=%2Fwp%2Fv2%2Ftags&post=53011"}],"curies":[{"name":"wp","href":"https:\/\/api.w.org\/{rel}","templated":true}]}}