{"id":53015,"date":"2023-03-19T20:36:55","date_gmt":"2023-03-20T02:36:55","guid":{"rendered":"http:\/\/www.zonaroja.com.mx\/?p=53015"},"modified":"2023-03-19T20:36:57","modified_gmt":"2023-03-20T02:36:57","slug":"culmina-ges-mujer-mapa-de-violencia-feminicida-en-oaxaca","status":"publish","type":"post","link":"https:\/\/zonaroja.com.mx\/?p=53015","title":{"rendered":"Culmina GES Mujer Mapa de Violencia Feminicida en Oaxaca"},"content":{"rendered":"\n<p>Redacci\u00f3n\/Zona Roja.<\/p>\n\n\n\n<p>Oaxaca de Ju\u00e1rez, Oax., a 19 de marzo de 2023.- Ante la problem\u00e1tica tan grave de la violencia en el estado, el Grupo de Estudios sobre la Mujer \u00abRosario Castellanos\u00bb (GES Mujer) present\u00f3 el Mapa de Violencia Feminicida en Oaxaca y \u201cMujeres de coraz\u00f3n violeta\u201d Gu\u00eda de empoderamiento para vivir libres de violencias, como una contribuci\u00f3n desde la sociedad civil.<\/p>\n\n\n\n<p>El Mapa de Violencia Feminicida es una herramienta que se pone al servicio de los medios de comunicaci\u00f3n, investigadoras e investigadores, centros educativos, gobiernos y quienes puedan tener inter\u00e9s en conocer cada uno de los casos de feminicidio cartografiados por municipios desde diciembre del 2016 a la fecha.&nbsp;<\/p>\n\n\n\n<p>Fue desarrollado bajo la tecnolog\u00eda de Google Maps, haciendo uso de las capas municipales del&nbsp;INEGI&nbsp;y el registro y seguimiento de cada caso en la entidad oaxaque\u00f1a, mismos que han sido publicados en los medios de comunicaci\u00f3n impresos y digitales.&nbsp;<\/p>\n\n\n\n<p>Soledad Venegas Nava, responsable del desarrollo del mapeo, realiz\u00f3 un ejercicio pr\u00e1ctico a fin de mostrar las caracter\u00edsticas de la informaci\u00f3n&nbsp;disponible en el sitio de GES Mujer.<\/p>\n\n\n\n<p>Ang\u00e9lica Ayala, integrante de la organizaci\u00f3n, mencion\u00f3 que visibilizar la violencia que enfrentan las ni\u00f1as y las mujeres, tiene la finalidad de llamar a la acci\u00f3n, para prevenirla, detectarla a tiempo, atenderla desde una perspectiva de g\u00e9nero bajo protocolos que identifiquen el riesgo de la violencia feminicida y es la labor que realizan.<\/p>\n\n\n\n<p>Cit\u00f3 que en el GES Mujer en el 2022 brindaron 1414 servicios integrales legales y psicol\u00f3gicos a 201 mujeres en situaci\u00f3n de violencia, de las cuales un 10% se identificaron como sobrevivientes de feminicidio en grado de tentativa.&nbsp;<\/p>\n\n\n\n<p>Afirm\u00f3 que cuentan con el conocimiento de la problem\u00e1tica, la experiencia y la voluntad de aportar herramientas accesibles que convoquen a la acci\u00f3n, por lo que invit\u00f3 a la Psic\u00f3loga de GES Mujer Estefan\u00eda S\u00e1nchez C\u00e9sar a presentar \u201cMujeres de coraz\u00f3n violeta\u201d Gu\u00eda de empoderamiento para vivir libres de violencias.<\/p>\n\n\n\n<p>La ponente agradeci\u00f3 a las redes de apoyo \u201cCosechando, mujeres libres\u201d y \u201cSembrando corazones violetas\u201d, conformadas por usuarias de los servicios de atenci\u00f3n legal y psicol\u00f3gica de la organizaci\u00f3n, por su valiosa contribuci\u00f3n en la co- creaci\u00f3n de la gu\u00eda de empoderamiento, as\u00ed como su compromiso para compartirla con otras mujeres en centros comunitarios, grupos y colectividades. <\/p>\n\n\n\n<p>Mencion\u00f3 que \u201cMujeres de Coraz\u00f3n Violeta\u201d tiene el objetivo de incrementar el poder de las mujeres para decidir en libertad lo que desean para su vida, as\u00ed como definir estrategias para romper ciclos de violencia y c\u00f3mo darle soluci\u00f3n con herramientas socioeducativas, psicol\u00f3gicas, jur\u00eddicas y otras que contribuyan a la protecci\u00f3n de su integridad y su vida. Por \u00faltimo, manifest\u00f3 que est\u00e1 a disposici\u00f3n de manera digital en el sitio web de GESMujer.<\/p>\n\n\n\n<p>Finalmente Ang\u00e9lica Ayala expres\u00f3 que, de acuerdo a los estatutos del Grupo de estudios sobre la mujer Rosario Castellanos, donde se establece como per\u00edodo de dos a\u00f1os la permanencia del Consejo Directivo, con posibilidad m\u00e1xima de un per\u00edodo m\u00e1s, la Asamblea General ha tomado la decisi\u00f3n de reconocer la labor de Rosario Mart\u00ednez Miguel, Tania Melchor G\u00f3mez y Olga Lydia Calder\u00f3n, como Presidenta, Secretaria y Tesorera respectivamente para conformar el nuevo Consejo Directivo para el per\u00edodo 2023-2025.&nbsp;<\/p>\n\n\n\n<p>Agradeci\u00f3 a todo el equipo del GES Mujer por el acompa\u00f1amiento sororo al Consejo saliente, reconociendo las valiosas contribuciones que le permitieron desarrollar su labor al frente de una organizaci\u00f3n feminista comprometida con los derechos humanos de las ni\u00f1as y mujeres oaxaque\u00f1as.&nbsp;<\/p>\n\n\n\n<p>Por su parte Rosario Mart\u00ednez Miguel, como actual presidenta del GES Mujer, agradeci\u00f3 la confianza de las asociadas y se comprometi\u00f3 a impulsar una pol\u00edtica de alianzas con todos los sectores sociales, acad\u00e9micos, institucionales, de la sociedad civil, a fin de colocar la Agenda Feminista como una prioridad en la pol\u00edtica p\u00fablica y contribuir a la disminuci\u00f3n de las brechas de g\u00e9nero existentes en Oaxaca.&nbsp;&nbsp;&nbsp;<\/p>\n","protected":false},"excerpt":{"rendered":"<p>Redacci\u00f3n\/Zona Roja. Oaxaca de Ju\u00e1rez, Oax., a 19 de marzo de 2023.- Ante la problem\u00e1tica&hellip;<\/p>\n","protected":false},"author":2,"featured_media":53016,"comment_status":"closed","ping_status":"open","sticky":false,"template":"","format":"standard","meta":{"_lmt_disableupdate":"","_lmt_disable":"","_jetpack_memberships_contains_paid_content":false,"footnotes":""},"categories":[109,46,47],"tags":[524],"class_list":["post-53015","post","type-post","status-publish","format-standard","has-post-thumbnail","hentry","category-minuto-a-minuto","category-zona-blanca","category-zona-gris","tag-ges-mujer"],"jetpack_featured_media_url":"https:\/\/zonaroja.com.mx\/wp-content\/uploads\/2023\/03\/GES-Mujer-nueva-directiva.jpeg","jetpack_sharing_enabled":true,"_links":{"self":[{"href":"https:\/\/zonaroja.com.mx\/index.php?rest_route=\/wp\/v2\/posts\/53015","targetHints":{"allow":["GET"]}}],"collection":[{"href":"https:\/\/zonaroja.com.mx\/index.php?rest_route=\/wp\/v2\/posts"}],"about":[{"href":"https:\/\/zonaroja.com.mx\/index.php?rest_route=\/wp\/v2\/types\/post"}],"author":[{"embeddable":true,"href":"https:\/\/zonaroja.com.mx\/index.php?rest_route=\/wp\/v2\/users\/2"}],"replies":[{"embeddable":true,"href":"https:\/\/zonaroja.com.mx\/index.php?rest_route=%2Fwp%2Fv2%2Fcomments&post=53015"}],"version-history":[{"count":1,"href":"https:\/\/zonaroja.com.mx\/index.php?rest_route=\/wp\/v2\/posts\/53015\/revisions"}],"predecessor-version":[{"id":53017,"href":"https:\/\/zonaroja.com.mx\/index.php?rest_route=\/wp\/v2\/posts\/53015\/revisions\/53017"}],"wp:featuredmedia":[{"embeddable":true,"href":"https:\/\/zonaroja.com.mx\/index.php?rest_route=\/wp\/v2\/media\/53016"}],"wp:attachment":[{"href":"https:\/\/zonaroja.com.mx\/index.php?rest_route=%2Fwp%2Fv2%2Fmedia&parent=53015"}],"wp:term":[{"taxonomy":"category","embeddable":true,"href":"https:\/\/zonaroja.com.mx\/index.php?rest_route=%2Fwp%2Fv2%2Fcategories&post=53015"},{"taxonomy":"post_tag","embeddable":true,"href":"https:\/\/zonaroja.com.mx\/index.php?rest_route=%2Fwp%2Fv2%2Ftags&post=53015"}],"curies":[{"name":"wp","href":"https:\/\/api.w.org\/{rel}","templated":true}]}}