{"id":5302,"date":"2019-10-31T18:10:10","date_gmt":"2019-11-01T00:10:10","guid":{"rendered":"http:\/\/www.zonaroja.com.mx\/?p=5302"},"modified":"2019-10-31T18:10:13","modified_gmt":"2019-11-01T00:10:13","slug":"enesima-pifia-de-la-fiscalia-liberan-a-edil-de-jalapa-de-diaz","status":"publish","type":"post","link":"https:\/\/zonaroja.com.mx\/?p=5302","title":{"rendered":"En\u00e9sima pifia de la Fiscal\u00eda: liberan a edil de Jalapa de D\u00edaz"},"content":{"rendered":"\n<p>Ismael Garc\u00eda M.\/Zona Roja.<\/p>\n\n\n\n<p>Oaxaca de Ju\u00e1rez, Oax., 31 de octubre\nde 2019.- Por considerar que la Fiscal\u00eda General del Estado de Oaxaca no fundament\u00f3\ndebidamente la orden de cateo ni pudo sustentar la denuncia an\u00f3nima, la\nFiscal\u00eda General de la Rep\u00fablica decret\u00f3 el auto de libertad del presidente\nmunicipal de San Felipe Jalapa de D\u00edaz, Arturo Garc\u00eda Vel\u00e1squez.<\/p>\n\n\n\n<p>La tarde de este jueves, a ocho d\u00edas de\nsu detenci\u00f3n, el juez de control federal determin\u00f3 la liberaci\u00f3n del edil, surgido\ndel Partido Morena.<\/p>\n\n\n\n<p>Seg\u00fan la causa penal 408\/2019, los\nabogados defensores argumentaron que era inconstitucional la orden de cateo al\nno estar fundamentado el mandato judicial que libr\u00f3 un juez de San Juan\nBautista Tuxtepec, para ingresar al domicilio del presidente municipal, en el\ncentro de Jalapa.<\/p>\n\n\n\n<p>Por si fuera poco, los polic\u00edas y el Ministerio\nP\u00fablico ordenaron a un familiar del presidente municipal abrir una caja fuerte,\nlo cual no ven\u00eda establecido para ser revisado en el cuaderno de antecedentes\n39\/2019 y que dio origen a la carpeta Judicial OAX\/000409\/2019, por lo cual qued\u00f3\nen evidencia la orden de cateo librada al vapor.<\/p>\n\n\n\n<p>Arturo Garc\u00eda fue acusado del delito de\nposesi\u00f3n de dos armas de fuego tipo pistola y un arma larga (fusil de asalto\nAR-15) y cartuchos, por lo cual fue detenido la madrugada del 24 de octubre,\njunto con otras nueve personas, dos m\u00e1s acusadas del mismo delito que el edil.<\/p>\n\n\n\n<p>REALIZAN PROTESTA<\/p>\n\n\n\n<p>Previo a ello, pobladores de San Felipe\nJalapa de D\u00edaz protestaron en la caseta de peaje ubicada en Tuxtepec.<\/p>\n\n\n\n<p>\u201c\u00a1El pueblo te da la mano!, \u00a1libertad,\nlibertad, libertad!\u201d, fueron las principales consignas que enunciaron en la\nmovilizaci\u00f3n que realizaron este jueves para exigir la liberaci\u00f3n del edil\nArturo Garc\u00eda Vel\u00e1squez. <\/p>\n\n\n\n<p>\u201cNo es justo que a nuestro presidente\nque es inocente le hagan esto, por eso estamos aqu\u00ed respald\u00e1ndolo porque es una\npersona trabajadora y sencilla que ha apoyado a su gente\u201d, expres\u00f3 Diana Torres\nL\u00f3pez, una de las manifestantes. <\/p>\n\n\n\n<p>En la protesta hizo presencia el\nregidor de Seguridad P\u00fablica de la localidad, Jos\u00e9 Alfredo Ramos Carrera, quien\nasegur\u00f3 que se trata de una actividad pac\u00edfica para manifestar todo el respaldo\nal edil que es inocente de los cargos que se le imputan, acci\u00f3n con la que el\nfiscal de Oaxaca, Rub\u00e9n Vasconcelos \u00fanicamente pretende frenar su carrera\npol\u00edtica.<\/p>\n\n\n\n<p>\u201cSabemos que todas las patra\u00f1as que\norquest\u00f3 el fiscal del estado es para perjudicarlo en su carrera pol\u00edtica, pero\nno lo vamos a permitir, por eso est\u00e1 el pueblo de Jalapa de D\u00edaz aqu\u00ed\u201d, se\u00f1al\u00f3\nante los medios de comunicaci\u00f3n. <\/p>\n\n\n\n<p>Detall\u00f3 que ten\u00edan contemplado continuar\ncon las protestas e incluso incrementarlas en n\u00famero e intensidad con el\nprincipal objetivo de que liberen al edil cuya detenci\u00f3n se realiz\u00f3 la\nmadrugada del 24 de octubre, junto con otros mandos polic\u00edacos tras varias\n\u00f3rdenes de cateo en el municipio de Jalapa de D\u00edaz. <\/p>\n\n\n\n<p>Apenas la tarde ayer, legisladores\nlocales, presidentes municipales de la regi\u00f3n de la Cuenca, familiares del edil\ny la organizaci\u00f3n Comuna denunciaron que la Fiscal\u00eda General del Estado de\nOaxaca invent\u00f3 delitos a Arturo Garc\u00eda Vel\u00e1squez, adem\u00e1s de \u201csembrar\u201d armas.<\/p>\n","protected":false},"excerpt":{"rendered":"<p>Ismael Garc\u00eda M.\/Zona Roja. Oaxaca de Ju\u00e1rez, Oax., 31 de octubre de 2019.- Por considerar&hellip;<\/p>\n","protected":false},"author":2,"featured_media":5303,"comment_status":"closed","ping_status":"open","sticky":false,"template":"","format":"standard","meta":{"_lmt_disableupdate":"","_lmt_disable":"","_jetpack_memberships_contains_paid_content":false,"footnotes":""},"categories":[109,47],"tags":[930,494,580],"class_list":["post-5302","post","type-post","status-publish","format-standard","has-post-thumbnail","hentry","category-minuto-a-minuto","category-zona-gris","tag-arturo-garcia-velasquez","tag-fiscalia-general-del-estado-de-oaxaca","tag-san-felipe-jalapa-de-diaz"],"jetpack_featured_media_url":"https:\/\/zonaroja.com.mx\/wp-content\/uploads\/2019\/10\/IMG_4320.jpg","jetpack_sharing_enabled":true,"_links":{"self":[{"href":"https:\/\/zonaroja.com.mx\/index.php?rest_route=\/wp\/v2\/posts\/5302","targetHints":{"allow":["GET"]}}],"collection":[{"href":"https:\/\/zonaroja.com.mx\/index.php?rest_route=\/wp\/v2\/posts"}],"about":[{"href":"https:\/\/zonaroja.com.mx\/index.php?rest_route=\/wp\/v2\/types\/post"}],"author":[{"embeddable":true,"href":"https:\/\/zonaroja.com.mx\/index.php?rest_route=\/wp\/v2\/users\/2"}],"replies":[{"embeddable":true,"href":"https:\/\/zonaroja.com.mx\/index.php?rest_route=%2Fwp%2Fv2%2Fcomments&post=5302"}],"version-history":[{"count":1,"href":"https:\/\/zonaroja.com.mx\/index.php?rest_route=\/wp\/v2\/posts\/5302\/revisions"}],"predecessor-version":[{"id":5304,"href":"https:\/\/zonaroja.com.mx\/index.php?rest_route=\/wp\/v2\/posts\/5302\/revisions\/5304"}],"wp:featuredmedia":[{"embeddable":true,"href":"https:\/\/zonaroja.com.mx\/index.php?rest_route=\/wp\/v2\/media\/5303"}],"wp:attachment":[{"href":"https:\/\/zonaroja.com.mx\/index.php?rest_route=%2Fwp%2Fv2%2Fmedia&parent=5302"}],"wp:term":[{"taxonomy":"category","embeddable":true,"href":"https:\/\/zonaroja.com.mx\/index.php?rest_route=%2Fwp%2Fv2%2Fcategories&post=5302"},{"taxonomy":"post_tag","embeddable":true,"href":"https:\/\/zonaroja.com.mx\/index.php?rest_route=%2Fwp%2Fv2%2Ftags&post=5302"}],"curies":[{"name":"wp","href":"https:\/\/api.w.org\/{rel}","templated":true}]}}