{"id":53027,"date":"2023-03-20T07:23:20","date_gmt":"2023-03-20T13:23:20","guid":{"rendered":"http:\/\/www.zonaroja.com.mx\/?p=53027"},"modified":"2023-03-20T08:03:17","modified_gmt":"2023-03-20T14:03:17","slug":"opinion-la-primavera-oaxaquena-se-viste-de-represion","status":"publish","type":"post","link":"https:\/\/zonaroja.com.mx\/?p=53027","title":{"rendered":"Opini\u00f3n. La \u201cprimavera oaxaque\u00f1a\u201d se viste de represi\u00f3n"},"content":{"rendered":"\n<p>Ismael Garc\u00eda M.\/Zona Roja.<\/p>\n\n\n\n<p>Oaxaca de Ju\u00e1rez, Oax., a 20 de marzo de 2023.- La llamada \u201cprimavera oaxaque\u00f1a\u201d se est\u00e1 convirtiendo en un campo minado para todo aquel que quiera protestar contra el gobierno.<\/p>\n\n\n\n<p>Y el peligro son los desalojos violentos, la cerraz\u00f3n gubernamental, la nula capacidad para entender y atender las demandas sociales; corona el caos una pol\u00edtica interna con su titular rebasados.<\/p>\n\n\n\n<p>Cinco ejemplos en un lapso de un mes dan cuenta de lo peligroso que puede ser en el sexenio de Salom\u00f3n Jara Cruz levantar la voz y exigir sus derechos.<\/p>\n\n\n\n<p>Cinco ejemplos en los cuales dos de ellos han sido utilizados de manera abierta y p\u00fablica las fuerzas policiacas, con equipos antimotines, y en uno de ellos hubo la detenci\u00f3n arbitraria de una mujer, que luego de 48 horas de detenida, bajo ning\u00fan delito, no se le ofreci\u00f3 ninguna disculpa p\u00fablica.<\/p>\n\n\n\n<p>SEGEGO, REBASADO<\/p>\n\n\n\n<p>En el apodo lleva la penitencia: \u201cEl mero mero\u201d. A Jes\u00fas Romero L\u00f3pez lo traiciona su pasado priista, ligado a\u00fan con Ulises Ruiz Ortiz y con Jos\u00e9 Murat Casab, con quienes a\u00fan mantiene interlocuci\u00f3n, lo que se ha reflejado en la incapacidad para entender a la 4T.<\/p>\n\n\n\n<p>Lo traiciona su estirpe burgu\u00e9s (nada m\u00e1s hay que ver la real declaraci\u00f3n patrimonial del secretario de Gobierno y de su esposa, con ingresos anuales millonarios) y menosprecia a los huarachudos, los sombrerudos, los ind\u00edgenas, los que est\u00e1n muele y muele para exigir una atenci\u00f3n gubernamental.<\/p>\n\n\n\n<p>Durante la campa\u00f1a pol\u00edtica no tuvo ninguna interlocuci\u00f3n con las organizaciones sociales (de donde proviene, pues de ah\u00ed comenz\u00f3 su lucha \u201csocial\u201d para llegar a la burgues\u00eda), mucho menos logr\u00f3 acuerdos para sumarse al proyecto de Salom\u00f3n Jara Cruz, hoy gobernador.<\/p>\n\n\n\n<p>En consecuencia, no tiene un \u00e1pice de capacidad para atender las m\u00faltiples demandas sociales de todo tipo, incluyendo las municipales, que finalmente tienen eco estatal contra el gobierno de la llamada \u201cprimavera oaxaque\u00f1a\u201d.<\/p>\n\n\n\n<p>No era necesario llegar a los 100 d\u00edas para conocer su talante y darse cuenta todos, incluyendo el mandatario estatal y el resto de los integrantes del gabinete, que simplemente no es un interlocutor v\u00e1lido.<\/p>\n\n\n\n<p>El mando del estado analiza ya el reemplazo de Jes\u00fas Romero L\u00f3pez, y la salida decorosa ser\u00eda una probable candidatura para un cargo de representaci\u00f3n popular\u2026 aunque no garantice ning\u00fan triunfo.<\/p>\n\n\n\n<p>LOS HECHOS EXTRAOFICIALES<\/p>\n\n\n\n<p>Entre los \u00faltimos minutos de la noche del viernes 17 de marzo y los primeros minutos del s\u00e1bado 18, sujetos accionaron armas de fuego en contra de maestros y padres de familia, en el acceso a Santo Domingo Tehuantepec.<\/p>\n\n\n\n<p>La intenci\u00f3n, sembrar p\u00e1nico para que quienes exig\u00edan, con justa raz\u00f3n, la rehabilitaci\u00f3n de una escuela da\u00f1ada por los sismos de 2017, desistieran de su bloqueo, que esa noche cumpl\u00eda cinco d\u00edas.<\/p>\n\n\n\n<p>Un profesor result\u00f3 lesionado tras caer del puente de fierro al lecho del r\u00edo; tras ello los manifestantes se reagruparon, bloquearon otro rato por la ma\u00f1ana del s\u00e1bado y despu\u00e9s se quitaron, con la promesa del di\u00e1logo.<\/p>\n\n\n\n<p>Por la noche de ese d\u00eda, curiosamente, fueron convencidos de firmar un acuerdo para rehabilitar la escuela primaria\u2026 en un lapso de dos a\u00f1os.<\/p>\n\n\n\n<p>La semana pasada tambi\u00e9n, el viernes 16, sujetos desconocidos agredieron a mujeres que estudian en la Escuela Normal de Tamazul\u00e1pam del Progreso, por realizar continuos bloqueos, para exigir equipamiento y materiales para sus planteles.<\/p>\n\n\n\n<p>En redes sociales se difundi\u00f3 que habr\u00eda sido gente civil enviada por la presidenta del municipio vecino, Tej\u00fapam de la Uni\u00f3n, Wilhelmy Aurory Carrizosa Rojas, emparentada con el mandatario estatal Jara Cruz y esposa del secretario de Desarrollo Agropecuario.<\/p>\n\n\n\n<p>Curiosamente, el s\u00e1bado el Gobierno del Estado difundi\u00f3 en un comunicado que se hab\u00eda atendido el planteamiento de las normalistas, con asignaci\u00f3n presupuestal, con lo cual habr\u00edan \u201caceptado\u201d desistirse de las movilizaciones.<\/p>\n\n\n\n<p>El lunes 13 de marzo, el diputado Freddy Gil Pineda Gopar acudi\u00f3 con su grupo de \u201cporros\u201d a Ciudad Judicial a exigir, como lo ha estilado incluso en el pasado sexenio priista, recursos financieros para municipios que dice representar.<\/p>\n\n\n\n<p>Pero se top\u00f3 con la horma de su zapato pues, presuntamente el titular de Finanzas, Farid Acevedo L\u00f3pez, habr\u00eda pedido el \u201cfavor\u201d al rector Cristian \u00c9der Carre\u00f1o, que le facilitara a un grupo de golpeadores, que comand\u00f3 \u201cEl Duck\u201d.<\/p>\n\n\n\n<p>As\u00ed que dos grupos de choque pusieron en riesgo a los trabajadores, por lo cual llegaron elementos policiacos; pero no tocaron a Freddy Gil y su gente, sino que, para aparentar acci\u00f3n y orden, detuvieron a los \u201cporros\u201d oficiales, se los llevaron y despu\u00e9s los soltaron.<\/p>\n\n\n\n<p>Freddy Gil arremeti\u00f3 contra Jes\u00fas Romero L\u00f3pez y lo acus\u00f3 de usar la violencia; al d\u00eda siguiente fue a Palacio de Gobierno para reunirse directamente con el gobernador Salom\u00f3n Jara, donde reiter\u00f3 su rechazo al secretario de Gobierno. Supuestamente firmaron la paz\u2026<\/p>\n\n\n\n<p>El mi\u00e9rcoles pasado en la sesi\u00f3n de Congreso, salieron a relucir las acusaciones entre las partes y el perredista-morenista Sergio L\u00f3pez S\u00e1nchez, desliz\u00f3 que a dos municipios del legislador les habr\u00edan dado m\u00e1s de 400 millones de pesos adicionales; con ello, comenz\u00f3 una andanada contra el diputado priista, con amenazas de encarcelarlo.<\/p>\n\n\n\n<p>LOS HECHOS OFICIALES<\/p>\n\n\n\n<p>El 28 de enero, Lorena Merino y no m\u00e1s de una decena de triquis desplazados de San Juan Copala, llegaron al exterior del Palacio de Gobierno, para una protesta como frecuentemente lo hac\u00eda.<\/p>\n\n\n\n<p>Pero al filo de las 11:00, arribaron inspectores municipales, autorizados por Francisco Mart\u00ednez Neri, para supuestamente retirar mercanc\u00eda que vend\u00eda la mujer y conminarla a retirarse.<\/p>\n\n\n\n<p>No bien terminaban esa encomienda, cuando alrededor de un centenar de polic\u00edas con equipo antimont\u00edn, solicitada por la Secretar\u00eda de Gobierno, arrib\u00f3 y con lujo de violencia se llev\u00f3 a los manifestantes; Lorena Merino casi a rastras fue subida a una de las nuevas patrullas.<\/p>\n\n\n\n<p>El motivo real fue el enojo de Jes\u00fas Romero L\u00f3pez por ser exhibido constantemente por Merino y restregarle la incapacidad para resolver las demandas.<\/p>\n\n\n\n<p>Al d\u00eda siguiente, 1 de marzo, unos 50 pobladores de Santiago Xiacu\u00ed arribaron al exterior del Palacio de Gobierno para exigir, sin violencia, una reuni\u00f3n con el secretario Romero L\u00f3pez.&nbsp;<\/p>\n\n\n\n<p>Todav\u00eda en el exterior, saludaron de manera amable al consejero Jur\u00eddico del gobierno, Geovany V\u00e1squez Sagrero, quien intercedi\u00f3 por sus paisanos.<\/p>\n\n\n\n<p>Pero les dijeron que no se encontraba en el Palacio, a\u00fan cuando lo vieron llegar e ingresar; la situaci\u00f3n se entramp\u00f3 porque el secretario Jes\u00fas Romero L\u00f3pez se enoj\u00f3 y no quiso atenderlos; y los serranos tambi\u00e9n insistieron que la reuni\u00f3n con \u00e9l o con nadie.<\/p>\n\n\n\n<p>Los inconformes, sin usar la violencia insistimos, se apostaron en los tres accesos al Palacio, lo que irrit\u00f3 m\u00e1s a Romero L\u00f3pez, por lo que cerca de la una de la tarde, orden\u00f3 el desalojo policiaco, que incluy\u00f3 el uso de gas lacrim\u00f3geno.<\/p>\n\n\n\n<p>Por la tarde, una vez \u201cablandados\u201d, los inconformes finalmente fueron recibidos por la autoridad, se tomaron la foto y lograron lo que quer\u00edan, pese a acusaciones del secretario, que dijo que quer\u00edan dinero y no se les dar\u00eda.<\/p>\n\n\n\n<p>\u00bfRUTA DE JARA?<\/p>\n\n\n\n<p>Fue el propio Jes\u00fas Romero L\u00f3pez quien reconoci\u00f3, un d\u00eda despu\u00e9s de echarle a los polic\u00edas a los habitantes de Xiacu\u00ed, que \u00e9l mismo tom\u00f3 la decisi\u00f3n de usar la fuerza p\u00fablica para el desalojo.<\/p>\n\n\n\n<p>Con argumentos endebles, como el que los trabajadores necesitaban salir, aunque en el momento de la violencia apenas pasaba el mediod\u00eda; que\u00a0exig\u00edan dinero y no se les dar\u00eda, aunque realidad ped\u00edan la destituci\u00f3n del comisionado municipal.<\/p>\n\n\n\n<p>Las mentiras son la constante en el priista: que Lorena Merino vend\u00eda mercanc\u00eda y que agredi\u00f3 a los inspectores municipales, de lo cual no existe ninguna evidencia, pues varios periodistas documentaron los hechos en fotos y videos.<\/p>\n\n\n\n<p>En cambio, ha permanecido pasivo al extremo con los normalistas que llevan mes y medio \u201cplantados\u201d en el z\u00f3calo y que d\u00eda a d\u00eda cometen actos vand\u00e1licos; dos ocasiones han vandalizado el Palacio de Gobierno y retado a la polic\u00eda; pero no pasa nada.<\/p>\n\n\n\n<p>Jes\u00fas Romero ya no es garant\u00eda de interlocuci\u00f3n con las organizaciones sociales; su soberbia ha llevado a una crisis, hasta ahora sin salida, al gobierno de Salom\u00f3n Jara. Mantenerlo significar\u00e1 continuar la l\u00ednea de la represi\u00f3n. \u00bfO eso quiere el gobernador de la llamada \u201cCuarta transformaci\u00f3n\u201d para los oaxaque\u00f1os?<\/p>\n","protected":false},"excerpt":{"rendered":"<p>Ismael Garc\u00eda M.\/Zona Roja. Oaxaca de Ju\u00e1rez, Oax., a 20 de marzo de 2023.- La&hellip;<\/p>\n","protected":false},"author":2,"featured_media":41735,"comment_status":"closed","ping_status":"open","sticky":false,"template":"","format":"standard","meta":{"_lmt_disableupdate":"","_lmt_disable":"","_jetpack_memberships_contains_paid_content":false,"footnotes":""},"categories":[456,109,48],"tags":[1353],"class_list":["post-53027","post","type-post","status-publish","format-standard","has-post-thumbnail","hentry","category-columna","category-minuto-a-minuto","category-zona-critica","tag-opinion-zona-critica"],"jetpack_featured_media_url":"https:\/\/zonaroja.com.mx\/wp-content\/uploads\/2022\/05\/Opinion-Ismael-Garcia-M.jpg","jetpack_sharing_enabled":true,"_links":{"self":[{"href":"https:\/\/zonaroja.com.mx\/index.php?rest_route=\/wp\/v2\/posts\/53027","targetHints":{"allow":["GET"]}}],"collection":[{"href":"https:\/\/zonaroja.com.mx\/index.php?rest_route=\/wp\/v2\/posts"}],"about":[{"href":"https:\/\/zonaroja.com.mx\/index.php?rest_route=\/wp\/v2\/types\/post"}],"author":[{"embeddable":true,"href":"https:\/\/zonaroja.com.mx\/index.php?rest_route=\/wp\/v2\/users\/2"}],"replies":[{"embeddable":true,"href":"https:\/\/zonaroja.com.mx\/index.php?rest_route=%2Fwp%2Fv2%2Fcomments&post=53027"}],"version-history":[{"count":2,"href":"https:\/\/zonaroja.com.mx\/index.php?rest_route=\/wp\/v2\/posts\/53027\/revisions"}],"predecessor-version":[{"id":53040,"href":"https:\/\/zonaroja.com.mx\/index.php?rest_route=\/wp\/v2\/posts\/53027\/revisions\/53040"}],"wp:featuredmedia":[{"embeddable":true,"href":"https:\/\/zonaroja.com.mx\/index.php?rest_route=\/wp\/v2\/media\/41735"}],"wp:attachment":[{"href":"https:\/\/zonaroja.com.mx\/index.php?rest_route=%2Fwp%2Fv2%2Fmedia&parent=53027"}],"wp:term":[{"taxonomy":"category","embeddable":true,"href":"https:\/\/zonaroja.com.mx\/index.php?rest_route=%2Fwp%2Fv2%2Fcategories&post=53027"},{"taxonomy":"post_tag","embeddable":true,"href":"https:\/\/zonaroja.com.mx\/index.php?rest_route=%2Fwp%2Fv2%2Ftags&post=53027"}],"curies":[{"name":"wp","href":"https:\/\/api.w.org\/{rel}","templated":true}]}}