{"id":53029,"date":"2023-03-20T11:30:00","date_gmt":"2023-03-20T17:30:00","guid":{"rendered":"http:\/\/www.zonaroja.com.mx\/?p=53029"},"modified":"2023-03-20T07:32:33","modified_gmt":"2023-03-20T13:32:33","slug":"gobierno-de-amlo-desinforma-y-azuza-a-la-agresion-desde-la-mananera","status":"publish","type":"post","link":"https:\/\/zonaroja.com.mx\/?p=53029","title":{"rendered":"Gobierno de AMLO desinforma\u2026 y azuza a la agresi\u00f3n desde la \u201cma\u00f1anera\u201d"},"content":{"rendered":"\n<p>Redacci\u00f3n\/Zona Roja Cdmx.<\/p>\n\n\n\n<p>Ciudad de M\u00e9xico, a 20 de marzo de 2023.- \u00abEl gobierno federal ha desplegado una estrategia de desinformaci\u00f3n dentro de su pol\u00edtica de comunicaci\u00f3n social, la cual se acompa\u00f1a de la cancelaci\u00f3n efectiva de los procesos legales de acceso a la informaci\u00f3n, as\u00ed como del ataque a voces cr\u00edticas, a las que identifica como adversarias\u00bb, se\u00f1al\u00f3 la organizaci\u00f3n Art\u00edculo 19, en la publicaci\u00f3n de su informe \u00ab(Des)informaci\u00f3n oficial y comunicaci\u00f3n social\u00bb.<\/p>\n\n\n\n<p>La organizaci\u00f3n defensora de la libertad de expresi\u00f3n explic\u00f3 que durante dos a\u00f1os present\u00f3 84 solicitudes de informaci\u00f3n y 22 recursos de revisi\u00f3n sobre 34 declaraciones que el presidente Andr\u00e9s Manuel L\u00f3pez Obrador (AMLO) realiz\u00f3 en sus conferencias matutinas (\u00abma\u00f1aneras\u00bb) entre 2019 y 2022, las cuales agrup\u00f3 en siete ejes tem\u00e1ticos: corrupci\u00f3n, econom\u00eda, Covid-19, organismos aut\u00f3nomos, programas sociales, seguridad y otros asuntos.<\/p>\n\n\n\n<p>Con base en su revisi\u00f3n, A19 revel\u00f3 que s\u00f3lo dos de las 34 declaraciones del presidente fueron respaldadas con informaci\u00f3n p\u00fablica, mientras que en nueve casos la informaci\u00f3n p\u00fablica proporcionada por las propias instituciones demostr\u00f3 que las declaraciones \u00abfueron falsas\u00bb.<\/p>\n\n\n\n<p>A su vez, el informe indica que en dos casos se emple\u00f3 informaci\u00f3n de manera enga\u00f1osa, as\u00ed como que en 20 casos ni la Oficina de Presidencia de la Rep\u00fablica ni otras instituciones de la Administraci\u00f3n P\u00fablica Federal presentaron datos que permitieran comprobar la veracidad o falsedad de los dichos del presidente, y que s\u00f3lo una de las declaraciones present\u00f3 informaci\u00f3n verificable, \u00abpero se omitieron datos para situarla en su justo contexto\u00bb.<\/p>\n\n\n\n<p>\u00abCuando una figura tan relevante como lo es la Presidencia de la Rep\u00fablica difunde informaci\u00f3n falsa o que no est\u00e1 sustentada en datos oficiales, se genera un profundo efecto negativo en la dimensi\u00f3n colectiva del derecho a la libertad de expresi\u00f3n, pues se perjudica el derecho de las personas a estar informadas y a ejercer otros derechos\u00bb, destac\u00f3 A19.<\/p>\n\n\n\n<p>Finalmente, la organizaci\u00f3n se\u00f1al\u00f3 que \u00abes imperante\u00bb que AMLO, su equipo de comunicaci\u00f3n social y todos los funcionarios p\u00fablicos que participan en las conferencias matutinas y en otros espacios informativos de car\u00e1cter oficial, \u00abpongan \u00e9nfasis en uno de sus deberes especiales como personas funcionarias: el de constatar de forma razonable los hechos que fundamentan sus pronunciamientos\u00bb.<\/p>\n\n\n\n<p>A continuaci\u00f3n el informe y el comunicado completo, en el sitio \u201cDesinform\u00e9monos\u00bb:<\/p>\n\n\n\n<figure class=\"wp-block-embed is-type-wp-embed is-provider-desinformemonos wp-block-embed-desinformemonos\"><div class=\"wp-block-embed__wrapper\">\n<blockquote class=\"wp-embedded-content\" data-secret=\"qKZYRbURHf\"><a href=\"https:\/\/desinformemonos.org\/gobierno-federal-desplego-una-estrategia-de-desinformacion-en-su-politica-de-comunicacion-social-a19\/\">Gobierno federal despleg\u00f3 una estrategia de desinformaci\u00f3n en su pol\u00edtica de comunicaci\u00f3n social: A19<\/a><\/blockquote><iframe class=\"wp-embedded-content\" sandbox=\"allow-scripts\" security=\"restricted\" style=\"position: absolute; clip: rect(1px, 1px, 1px, 1px);\" title=\"\u00abGobierno federal despleg\u00f3 una estrategia de desinformaci\u00f3n en su pol\u00edtica de comunicaci\u00f3n social: A19\u00bb \u2014 Desinform\u00e9monos\" src=\"https:\/\/desinformemonos.org\/gobierno-federal-desplego-una-estrategia-de-desinformacion-en-su-politica-de-comunicacion-social-a19\/embed\/#?secret=XeAo5vvUUG#?secret=qKZYRbURHf\" data-secret=\"qKZYRbURHf\" width=\"600\" height=\"338\" frameborder=\"0\" marginwidth=\"0\" marginheight=\"0\" scrolling=\"no\"><\/iframe>\n<\/div><\/figure>\n","protected":false},"excerpt":{"rendered":"<p>Redacci\u00f3n\/Zona Roja Cdmx. Ciudad de M\u00e9xico, a 20 de marzo de 2023.- \u00abEl gobierno federal&hellip;<\/p>\n","protected":false},"author":2,"featured_media":53030,"comment_status":"closed","ping_status":"open","sticky":false,"template":"","format":"standard","meta":{"_lmt_disableupdate":"","_lmt_disable":"","_jetpack_memberships_contains_paid_content":false,"footnotes":""},"categories":[109,47],"tags":[2204],"class_list":["post-53029","post","type-post","status-publish","format-standard","has-post-thumbnail","hentry","category-minuto-a-minuto","category-zona-gris","tag-jesus-ramirez-cuevas"],"jetpack_featured_media_url":"https:\/\/zonaroja.com.mx\/wp-content\/uploads\/2023\/03\/Vocero-Jesus-Ramirez-Cuevas.jpeg","jetpack_sharing_enabled":true,"_links":{"self":[{"href":"https:\/\/zonaroja.com.mx\/index.php?rest_route=\/wp\/v2\/posts\/53029","targetHints":{"allow":["GET"]}}],"collection":[{"href":"https:\/\/zonaroja.com.mx\/index.php?rest_route=\/wp\/v2\/posts"}],"about":[{"href":"https:\/\/zonaroja.com.mx\/index.php?rest_route=\/wp\/v2\/types\/post"}],"author":[{"embeddable":true,"href":"https:\/\/zonaroja.com.mx\/index.php?rest_route=\/wp\/v2\/users\/2"}],"replies":[{"embeddable":true,"href":"https:\/\/zonaroja.com.mx\/index.php?rest_route=%2Fwp%2Fv2%2Fcomments&post=53029"}],"version-history":[{"count":1,"href":"https:\/\/zonaroja.com.mx\/index.php?rest_route=\/wp\/v2\/posts\/53029\/revisions"}],"predecessor-version":[{"id":53031,"href":"https:\/\/zonaroja.com.mx\/index.php?rest_route=\/wp\/v2\/posts\/53029\/revisions\/53031"}],"wp:featuredmedia":[{"embeddable":true,"href":"https:\/\/zonaroja.com.mx\/index.php?rest_route=\/wp\/v2\/media\/53030"}],"wp:attachment":[{"href":"https:\/\/zonaroja.com.mx\/index.php?rest_route=%2Fwp%2Fv2%2Fmedia&parent=53029"}],"wp:term":[{"taxonomy":"category","embeddable":true,"href":"https:\/\/zonaroja.com.mx\/index.php?rest_route=%2Fwp%2Fv2%2Fcategories&post=53029"},{"taxonomy":"post_tag","embeddable":true,"href":"https:\/\/zonaroja.com.mx\/index.php?rest_route=%2Fwp%2Fv2%2Ftags&post=53029"}],"curies":[{"name":"wp","href":"https:\/\/api.w.org\/{rel}","templated":true}]}}