{"id":53041,"date":"2023-03-20T08:24:26","date_gmt":"2023-03-20T14:24:26","guid":{"rendered":"http:\/\/www.zonaroja.com.mx\/?p=53041"},"modified":"2023-03-20T08:24:27","modified_gmt":"2023-03-20T14:24:27","slug":"le-dijo-que-le-regalaria-una-lavadora-pero-la-mato-vinculan-a-proceso-a-feminicida","status":"publish","type":"post","link":"https:\/\/zonaroja.com.mx\/?p=53041","title":{"rendered":"Le dijo que le regalar\u00eda una lavadora, pero la mat\u00f3; vinculan a proceso a feminicida"},"content":{"rendered":"\n<p>Ismael Garc\u00eda M.\/Zona Roja.<\/p>\n\n\n\n<p>Oaxaca de Ju\u00e1rez, Oax., a 20 de marzo de 2023.- Con el enga\u00f1o de regalarle una lavadora, Javier de Jes\u00fas R. D., de 27 a\u00f1os, se llev\u00f3 a Justa Sonia C. L., de 26 a\u00f1os, en un mototaxi, pero s\u00f3lo para asesinarla.<\/p>\n\n\n\n<p>Este domingo, tras las pruebas presentadas por el Ministerio P\u00fablico de la Fiscal\u00eda General del Estado de Oaxaca, el Juez de Control del Poder Judicial del Estado vincul\u00f3 a proceso al probable feminicida, dict\u00f3 prisi\u00f3n preventiva y dio dos meses para el cierre de la investigaci\u00f3n.<\/p>\n\n\n\n<p>Fue el pasado 7 de marzo, horas antes del D\u00eda Internacional de la Mujer, en que Javier de Jes\u00fas prometi\u00f3 regalarle una lavadora a Justa Sonia, casada y madre de familia, para lo cual pas\u00f3 por ella a su casa en Ocotl\u00e1n de Morelos, a bordo de un mototaxi, pero despu\u00e9s no se supo m\u00e1s de ella.<\/p>\n\n\n\n<p>Tras ello, los familiares presentaron una denuncia ante la Fiscal\u00eda General del Estado, que emiti\u00f3 la ficha correspondiente, con \u201cAlerta Rosa\u201d, ante el riesgo eminente a la vida de la mujer.<\/p>\n\n\n\n<p>No fue sino hasta el jueves 9 de marzo en que el cuerpo de Justa Sonia fue localizado en jurisdicci\u00f3n de San Antonino Castillo Velasco, conurbado a Xoxocotl\u00e1n.<\/p>\n\n\n\n<p>Tras recabar las pruebas suficientes, incluyendo testimonios y videograbaciones, la Fiscal\u00eda solicit\u00f3 la orden de aprehensi\u00f3n, que fue ejecutada contra Javier de Jes\u00fas, el 11 de marzo.<\/p>\n\n\n\n<p>El joven confes\u00f3 finalmente que hab\u00eda estrangulado a la mujer, hasta asesinarla; guard\u00f3 el cad\u00e1ver por dos d\u00edas y despu\u00e9s lo fue a tirar a bordo de su mototaxi a la entrada de San Antonino.<\/p>\n","protected":false},"excerpt":{"rendered":"<p>Ismael Garc\u00eda M.\/Zona Roja. Oaxaca de Ju\u00e1rez, Oax., a 20 de marzo de 2023.- Con&hellip;<\/p>\n","protected":false},"author":2,"featured_media":53042,"comment_status":"closed","ping_status":"open","sticky":false,"template":"","format":"standard","meta":{"_lmt_disableupdate":"","_lmt_disable":"","_jetpack_memberships_contains_paid_content":false,"footnotes":""},"categories":[109,46],"tags":[494],"class_list":["post-53041","post","type-post","status-publish","format-standard","has-post-thumbnail","hentry","category-minuto-a-minuto","category-zona-blanca","tag-fiscalia-general-del-estado-de-oaxaca"],"jetpack_featured_media_url":"https:\/\/zonaroja.com.mx\/wp-content\/uploads\/2023\/03\/Javier-de-Jesus-R.-D.-feminicida-de-Justa-Antonia-Ocotlan.jpeg","jetpack_sharing_enabled":true,"_links":{"self":[{"href":"https:\/\/zonaroja.com.mx\/index.php?rest_route=\/wp\/v2\/posts\/53041","targetHints":{"allow":["GET"]}}],"collection":[{"href":"https:\/\/zonaroja.com.mx\/index.php?rest_route=\/wp\/v2\/posts"}],"about":[{"href":"https:\/\/zonaroja.com.mx\/index.php?rest_route=\/wp\/v2\/types\/post"}],"author":[{"embeddable":true,"href":"https:\/\/zonaroja.com.mx\/index.php?rest_route=\/wp\/v2\/users\/2"}],"replies":[{"embeddable":true,"href":"https:\/\/zonaroja.com.mx\/index.php?rest_route=%2Fwp%2Fv2%2Fcomments&post=53041"}],"version-history":[{"count":1,"href":"https:\/\/zonaroja.com.mx\/index.php?rest_route=\/wp\/v2\/posts\/53041\/revisions"}],"predecessor-version":[{"id":53043,"href":"https:\/\/zonaroja.com.mx\/index.php?rest_route=\/wp\/v2\/posts\/53041\/revisions\/53043"}],"wp:featuredmedia":[{"embeddable":true,"href":"https:\/\/zonaroja.com.mx\/index.php?rest_route=\/wp\/v2\/media\/53042"}],"wp:attachment":[{"href":"https:\/\/zonaroja.com.mx\/index.php?rest_route=%2Fwp%2Fv2%2Fmedia&parent=53041"}],"wp:term":[{"taxonomy":"category","embeddable":true,"href":"https:\/\/zonaroja.com.mx\/index.php?rest_route=%2Fwp%2Fv2%2Fcategories&post=53041"},{"taxonomy":"post_tag","embeddable":true,"href":"https:\/\/zonaroja.com.mx\/index.php?rest_route=%2Fwp%2Fv2%2Ftags&post=53041"}],"curies":[{"name":"wp","href":"https:\/\/api.w.org\/{rel}","templated":true}]}}