{"id":53047,"date":"2023-03-20T19:00:15","date_gmt":"2023-03-21T01:00:15","guid":{"rendered":"http:\/\/www.zonaroja.com.mx\/?p=53047"},"modified":"2023-03-20T19:00:20","modified_gmt":"2023-03-21T01:00:20","slug":"llega-lopez-obrador-a-oaxaca-en-un-marco-de-protestas-aun-en-dia-de-asueto","status":"publish","type":"post","link":"https:\/\/zonaroja.com.mx\/?p=53047","title":{"rendered":"Llega L\u00f3pez Obrador a Oaxaca, en un marco de protestas, a\u00fan en d\u00eda de asueto"},"content":{"rendered":"\n<p>Yuridiana Sosa\/Zona Roja.<\/p>\n\n\n\n<p>Oaxaca de Ju\u00e1rez, Oax., a 20 de marzo de 2023.- Ni en la visita de Presidente Andr\u00e9s Manuel L\u00f3pez Obrador ni en d\u00eda feriado las manifestaciones en Oaxaca tienen descanso, y por en\u00e9sima ocasi\u00f3n inici\u00f3 la semana con bloqueos, marchas y protestas, en esta ocasi\u00f3n en los Valles Centrales e Istmo de Tehuantepec.<\/p>\n\n\n\n<p>CONTRA VISITA DE AMLO<\/p>\n\n\n\n<p>El Frente de Organizaciones Oaxaque\u00f1as (Foro) bloque\u00f3 y march\u00f3 en la capital ante el inicio su \u201cJornada de movilizaci\u00f3n, por justicia, tierra y libertad\u201d y por la visita del mandatario nacional, con motivo del natalicio de Benito Ju\u00e1rez, quien se acompa\u00f1ar\u00e1 de John Kerry, representante del Presidente de los Estados Unidos a Oaxaca para inspeccionar la ruta del Corredor Interoce\u00e1nico del Istmo de Tehuantepec, y el embajador de ese pa\u00eds en M\u00e9xico, Ken Salazar.<\/p>\n\n\n\n<p>\u201cVienen a profundizar el despojo, saqueo y destrucci\u00f3n de nuestras formas de vida comunitaria, bienes naturales y territorios, en favor de los grandes capitales a costa de las necesidades y demandas de los pueblos de Oaxaca\u201d manifestaron las organizaciones.<\/p>\n\n\n\n<p>As\u00ed tambi\u00e9n, exigieron la soluci\u00f3n a sus demandas relacionadas a conflictos sociales y agrarios de las comunidades adheridas a su organizaci\u00f3n; libertad para sus presos pol\u00edticos y cancelaci\u00f3n de las \u00f3rdenes de aprehensi\u00f3n y demandas contra sus compa\u00f1eros; presentaci\u00f3n con vida de sus desaparecidos y justicia por los defensores asesinados en su lucha por las tierras, territorios y la vida.<\/p>\n\n\n\n<figure class=\"wp-block-embed is-type-rich is-provider-twitter wp-block-embed-twitter\"><div class=\"wp-block-embed__wrapper\">\n<div class=\"twitter-tweet\"><blockquote class=\"twitter-tweet\" data-lang=\"es\"><p lang=\"es\" dir=\"ltr\"><a href=\"https:\/\/twitter.com\/hashtag\/ENVIVO?src=hash&amp;ref_src=twsrc%5Etfw\">#ENVIVO<\/a><br>Oaxaca de Ju\u00e1rez, Oax., a 20 de marzo de 2023.- A unas horas de la visita del Presidente Andr\u00e9s Manuel L\u00f3pez Obrador, marcha el Frente de Organizaciones Oaxaque\u00f1as (Foro) y llegan al z\u00f3calo.<br>Transmisi\u00f3n \ud83d\udc47<a href=\"https:\/\/t.co\/w9dw3xxa7F\">https:\/\/t.co\/w9dw3xxa7F<\/a> <a href=\"https:\/\/t.co\/8ArdXuqoHv\">pic.twitter.com\/8ArdXuqoHv<\/a><\/p>&mdash; Zona Roja Oaxaca (@ZonaRoja_Oaxaca) <a href=\"https:\/\/twitter.com\/ZonaRoja_Oaxaca\/status\/1637918898606735361?ref_src=twsrc%5Etfw\">20 de marzo de 2023<\/a><\/blockquote><\/div>\n<\/div><\/figure>\n\n\n\n<p>INTENTO DE DESPOJO<\/p>\n\n\n\n<p>Por otra parte, frente a Palacio de Gobierno, una familia de Huajuapan de Le\u00f3n, de la regi\u00f3n Mixteca, denunci\u00f3 un intento de despojo de un terreno por parte de particulares protegidos por funcionarios.<\/p>\n\n\n\n<p>Los afectados se\u00f1alaron que el acto se dio en complicidad con la jueza Concepci\u00f3n Cruz Santiago, del Juzgado Civil de Huajuapan, pues no existen motivos para que el terreno les sea despojado.<\/p>\n\n\n\n<p>Sin mencionar a la supuesta persona que interpuso el juicio, apuntaron que es apadrinada por pol\u00edticos, y por lo cual ha recibido amenazas de muerte para ceder, por lo que pidi\u00f3 la intervenci\u00f3n de las autoridades estatales.<\/p>\n\n\n\n<p>LIOS EN OBRA ROMPEOLAS<\/p>\n\n\n\n<p>A horas de que llegue el presidente L\u00f3pez Obrador con representantes del gobierno de Estados Unidos, con quien se prev\u00e9 visitas a obras del Corredor Interoce\u00e1nico del Istmo de Tehuantepec, este lunes habitante de Salina Cruz instalaron un bloqueo en el acceso a los trabajos del rompeolas que forma parte de dicho megaproyecto.<\/p>\n\n\n\n<p>Pobladores de la agencia municipal de Salinas del Marqu\u00e9s se inconformaron al ser excluidos para el acarreo de material, pese a los acuerdos firmados ante el gobierno de Oaxaca el pasado 17 de marzo para su participaci\u00f3n con 15 camiones, como beneficio para la comunidad.<\/p>\n\n\n\n<p>Mientras tanto, egresados normalistas iniciaron su s\u00e9ptima semana de \u00abplant\u00f3n\u00bb en el Centro Hist\u00f3rico de la capital, en su exigencia de plazas de docente pero sin examen ni dem\u00e1s requisitos que impone la SEP. Por el momento no han realizado ning\u00fan acto vand\u00e1lico este lunes.<\/p>\n\n\n\n<figure class=\"wp-block-embed is-type-rich is-provider-twitter wp-block-embed-twitter\"><div class=\"wp-block-embed__wrapper\">\n<div class=\"twitter-tweet\"><blockquote class=\"twitter-tweet\" data-lang=\"es\"><p lang=\"es\" dir=\"ltr\">A unas horas de la visita del Presidente <a href=\"https:\/\/twitter.com\/lopezobrador_?ref_src=twsrc%5Etfw\">@lopezobrador_<\/a>,en la regi\u00f3n del Istmo se intensifica el conflicto entre transportistas, por las obras del rompeolas en Salina Cruz.<br>La ausencia de autoridad por parte de los tres niveles de gobierno puede derivar en n violencia, advierten. <a href=\"https:\/\/t.co\/StlTMIlTa1\">pic.twitter.com\/StlTMIlTa1<\/a><\/p>&mdash; Zona Roja Oaxaca (@ZonaRoja_Oaxaca) <a href=\"https:\/\/twitter.com\/ZonaRoja_Oaxaca\/status\/1637890573939150848?ref_src=twsrc%5Etfw\">20 de marzo de 2023<\/a><\/blockquote><\/div>\n<\/div><\/figure>\n","protected":false},"excerpt":{"rendered":"<p>Yuridiana Sosa\/Zona Roja. Oaxaca de Ju\u00e1rez, Oax., a 20 de marzo de 2023.- Ni en&hellip;<\/p>\n","protected":false},"author":2,"featured_media":53048,"comment_status":"closed","ping_status":"open","sticky":false,"template":"","format":"standard","meta":{"_lmt_disableupdate":"","_lmt_disable":"","_jetpack_memberships_contains_paid_content":false,"footnotes":""},"categories":[109,47],"tags":[2496],"class_list":["post-53047","post","type-post","status-publish","format-standard","has-post-thumbnail","hentry","category-minuto-a-minuto","category-zona-gris","tag-marchas-y-bloqueos-oaxaca"],"jetpack_featured_media_url":"https:\/\/zonaroja.com.mx\/wp-content\/uploads\/2023\/03\/Marcha-organizacion-FORO-Oaxaca.jpeg","jetpack_sharing_enabled":true,"_links":{"self":[{"href":"https:\/\/zonaroja.com.mx\/index.php?rest_route=\/wp\/v2\/posts\/53047","targetHints":{"allow":["GET"]}}],"collection":[{"href":"https:\/\/zonaroja.com.mx\/index.php?rest_route=\/wp\/v2\/posts"}],"about":[{"href":"https:\/\/zonaroja.com.mx\/index.php?rest_route=\/wp\/v2\/types\/post"}],"author":[{"embeddable":true,"href":"https:\/\/zonaroja.com.mx\/index.php?rest_route=\/wp\/v2\/users\/2"}],"replies":[{"embeddable":true,"href":"https:\/\/zonaroja.com.mx\/index.php?rest_route=%2Fwp%2Fv2%2Fcomments&post=53047"}],"version-history":[{"count":1,"href":"https:\/\/zonaroja.com.mx\/index.php?rest_route=\/wp\/v2\/posts\/53047\/revisions"}],"predecessor-version":[{"id":53049,"href":"https:\/\/zonaroja.com.mx\/index.php?rest_route=\/wp\/v2\/posts\/53047\/revisions\/53049"}],"wp:featuredmedia":[{"embeddable":true,"href":"https:\/\/zonaroja.com.mx\/index.php?rest_route=\/wp\/v2\/media\/53048"}],"wp:attachment":[{"href":"https:\/\/zonaroja.com.mx\/index.php?rest_route=%2Fwp%2Fv2%2Fmedia&parent=53047"}],"wp:term":[{"taxonomy":"category","embeddable":true,"href":"https:\/\/zonaroja.com.mx\/index.php?rest_route=%2Fwp%2Fv2%2Fcategories&post=53047"},{"taxonomy":"post_tag","embeddable":true,"href":"https:\/\/zonaroja.com.mx\/index.php?rest_route=%2Fwp%2Fv2%2Ftags&post=53047"}],"curies":[{"name":"wp","href":"https:\/\/api.w.org\/{rel}","templated":true}]}}