{"id":53052,"date":"2023-03-21T07:30:00","date_gmt":"2023-03-21T13:30:00","guid":{"rendered":"http:\/\/www.zonaroja.com.mx\/?p=53052"},"modified":"2023-03-20T20:21:02","modified_gmt":"2023-03-21T02:21:02","slug":"realiza-poder-judicial-obras-trascendentales-para-atencion-a-sectores-vulnerables","status":"publish","type":"post","link":"https:\/\/zonaroja.com.mx\/?p=53052","title":{"rendered":"Realiza Poder Judicial obras trascendentales para atenci\u00f3n a sectores vulnerables"},"content":{"rendered":"\n<p>Redacci\u00f3n\/Zona Roja.<\/p>\n\n\n\n<p>Oaxaca de Ju\u00e1rez, Oax., a 21 de marzo de 2023.- El titular del Poder Judicial del Estado,&nbsp;magistrado Eduardo Pinacho S\u00e1nchez,&nbsp;afirm\u00f3 que&nbsp;en Oaxaca&nbsp;el sistema de justicia&nbsp;se transforma para&nbsp;incorporarlo a una realidad&nbsp;en la que se requieren de mayores elementos y mejores condiciones para cumplir&nbsp;con&nbsp;las&nbsp;aspiraciones de justicia justificadas,&nbsp;que cada vez son mayores,&nbsp;en la sociedad.<\/p>\n\n\n\n<p>Indic\u00f3 que con obras trascendentales, actualmente&nbsp;en proceso, que albergar\u00e1n&nbsp;un nuevo Centro de Convivencia Familiar y el&nbsp;Laboratorio de Gen\u00e9tica Molecular, el segundo en su tipo a nivel nacional, con tecnolog\u00eda de punta e instalaciones de vanguardia,&nbsp;se dar\u00e1 atenci\u00f3n a temas&nbsp;sensibles&nbsp;de la m\u00e1s alta prioridad&nbsp;y derechos humanos,&nbsp;que involucran a sectores vulnerables como son las mujeres y los&nbsp;menores de edad.<\/p>\n\n\n\n<p>Al abordar&nbsp;el tema \u00abAvances y Retos en la Administraci\u00f3n de Justicia 2023\u00bb,&nbsp;en&nbsp;entrevista para el programa de televisi\u00f3n \u201cSon mis derechos\u201d,&nbsp;una producci\u00f3n del Poder Judicial del Estado, en coordinaci\u00f3n con la Corporaci\u00f3n Oaxaque\u00f1a de Radio y Televisi\u00f3n (Cortv),&nbsp;se\u00f1al\u00f3 que&nbsp;la instituci\u00f3n ha puesto especial \u00e9nfasis en la atenci\u00f3n y seguimiento de temas como la violencia hacia las mujeres, personas ind\u00edgenas o con discapacidad. &nbsp;<\/p>\n\n\n\n<p>El Magistrado Presidente puntualiz\u00f3 que&nbsp;las acciones de&nbsp;su administraci\u00f3n&nbsp;se basan en&nbsp;tres ejes fundamentales como son el mejoramiento de la infraestructura f\u00edsica;&nbsp;de la infraestructura tecnol\u00f3gica y&nbsp;la capacitaci\u00f3n y especializaci\u00f3n&nbsp;del personal, en lo cual se ha puesto \u00e9nfasis ante los cambios en el sistema de justicia que demanda nuevos retos y conocimientos actualizados.&nbsp;<\/p>\n\n\n\n<p>Sobre los avances en la&nbsp;construcci\u00f3n&nbsp;f\u00edsica, mencion\u00f3 la conclusi\u00f3n de cinco Centros de justicia; cuatro juzgados laborales; el mantenimiento y rehabilitaci\u00f3n de las instalaciones de juzgados en Pochutla, Tuxtepec, Huatulco, Huajuapan y Juchit\u00e1n. \u201cNo solo es proyectar una imagen moderna en&nbsp;los inmuebles&nbsp;f\u00edsicos,&nbsp;sino tambi\u00e9n a nivel del personal. Estamos removiendo las estructuras, los fundamentos y las conciencias de quienes formamos el Poder Judicial\u201d, destac\u00f3. &nbsp;<\/p>\n\n\n\n<p>\u201cSon mis derechos\u201d, se transmite los d\u00edas mi\u00e9rcoles, de manera quincenal, de 19:00 a 20:00 horas por el canal 9.1 de la CORTV, con repeticiones el martes a las 17:00 horas y s\u00e1bado a las 12:00 horas.&nbsp;El programa completo se encuentra disponible en el enlace:&nbsp;<a href=\"https:\/\/www.youtube.com\/watch?v=0YRSPlv1wVk&amp;t=1925s&amp;ab_channel=CORTV\">https:\/\/www.youtube.com\/watch?v=0YRSPlv1wVk&amp;t=1925s&amp;ab_channel=CORTV<\/a><\/p>\n","protected":false},"excerpt":{"rendered":"<p>Redacci\u00f3n\/Zona Roja. Oaxaca de Ju\u00e1rez, Oax., a 21 de marzo de 2023.- El titular del&hellip;<\/p>\n","protected":false},"author":2,"featured_media":53053,"comment_status":"closed","ping_status":"open","sticky":false,"template":"","format":"standard","meta":{"_lmt_disableupdate":"","_lmt_disable":"","_jetpack_memberships_contains_paid_content":false,"footnotes":""},"categories":[109,46],"tags":[223],"class_list":["post-53052","post","type-post","status-publish","format-standard","has-post-thumbnail","hentry","category-minuto-a-minuto","category-zona-blanca","tag-poder-judicial-de-oaxaca"],"jetpack_featured_media_url":"https:\/\/zonaroja.com.mx\/wp-content\/uploads\/2023\/03\/El-magistrado-Eduardo-Pinacho-Sanchez-fue-entrevistado-en-el-programa-Son-mis-derechos.jpg","jetpack_sharing_enabled":true,"_links":{"self":[{"href":"https:\/\/zonaroja.com.mx\/index.php?rest_route=\/wp\/v2\/posts\/53052","targetHints":{"allow":["GET"]}}],"collection":[{"href":"https:\/\/zonaroja.com.mx\/index.php?rest_route=\/wp\/v2\/posts"}],"about":[{"href":"https:\/\/zonaroja.com.mx\/index.php?rest_route=\/wp\/v2\/types\/post"}],"author":[{"embeddable":true,"href":"https:\/\/zonaroja.com.mx\/index.php?rest_route=\/wp\/v2\/users\/2"}],"replies":[{"embeddable":true,"href":"https:\/\/zonaroja.com.mx\/index.php?rest_route=%2Fwp%2Fv2%2Fcomments&post=53052"}],"version-history":[{"count":1,"href":"https:\/\/zonaroja.com.mx\/index.php?rest_route=\/wp\/v2\/posts\/53052\/revisions"}],"predecessor-version":[{"id":53054,"href":"https:\/\/zonaroja.com.mx\/index.php?rest_route=\/wp\/v2\/posts\/53052\/revisions\/53054"}],"wp:featuredmedia":[{"embeddable":true,"href":"https:\/\/zonaroja.com.mx\/index.php?rest_route=\/wp\/v2\/media\/53053"}],"wp:attachment":[{"href":"https:\/\/zonaroja.com.mx\/index.php?rest_route=%2Fwp%2Fv2%2Fmedia&parent=53052"}],"wp:term":[{"taxonomy":"category","embeddable":true,"href":"https:\/\/zonaroja.com.mx\/index.php?rest_route=%2Fwp%2Fv2%2Fcategories&post=53052"},{"taxonomy":"post_tag","embeddable":true,"href":"https:\/\/zonaroja.com.mx\/index.php?rest_route=%2Fwp%2Fv2%2Ftags&post=53052"}],"curies":[{"name":"wp","href":"https:\/\/api.w.org\/{rel}","templated":true}]}}