{"id":53057,"date":"2023-03-20T20:57:49","date_gmt":"2023-03-21T02:57:49","guid":{"rendered":"http:\/\/www.zonaroja.com.mx\/?p=53057"},"modified":"2023-03-20T20:57:53","modified_gmt":"2023-03-21T02:57:53","slug":"acepta-ayuntamiento-de-oaxaca-de-juarez-caso-de-tortura-en-policia-municipal","status":"publish","type":"post","link":"https:\/\/zonaroja.com.mx\/?p=53057","title":{"rendered":"Acepta ayuntamiento de Oaxaca de Ju\u00e1rez caso de tortura en polic\u00eda municipal"},"content":{"rendered":"\n<p>Ismael Garc\u00eda M.\/Zona Roja.<\/p>\n\n\n\n<p>Oaxaca de Ju\u00e1rez, Oax., a 20 de marzo de 2023.- Tras la difusi\u00f3n de un video, el ayuntamiento de Oaxaca de Ju\u00e1rez reconoci\u00f3 que en el cuartel de la polic\u00eda municipal se registr\u00f3 un probable acto de tortura.<\/p>\n\n\n\n<p>\u201cLas im\u00e1genes que se muestran en el video, se registraron el d\u00eda 29 de octubre del a\u00f1o 2022 en las celdas de la polic\u00eda municipal de Oaxaca de Ju\u00e1rez.<\/p>\n\n\n\n<p>\u201cEl d\u00eda 31 de octubre de 2022, la Unidad de Asuntos Internos en sus acciones de vigilancia detecta el incidente, iniciando la carpeta de investigaci\u00f3n correspondiente, para deslindar responsabilidades\u201d, inform\u00f3 hoy en un comunicado.<\/p>\n\n\n\n<p>Detall\u00f3 que dicha Unidad inici\u00f3 el procedimiento de investigaci\u00f3n administrativo con n\u00famero de carpeta 112\/2022.<\/p>\n\n\n\n<p>\u201cComo medida precautoria para el desarrollo de la investigaci\u00f3n, los presuntos involucrados fueron removidos de sus servicios\u201d, indic\u00f3, sin precisar el n\u00famero de polic\u00edas involucrados.<\/p>\n\n\n\n<p>A\u00f1adi\u00f3 que la Unidad Jur\u00eddica de la Secretar\u00eda de Seguridad y Protecci\u00f3n Ciudadana municipal, denunci\u00f3 los hechos ante la Fiscal\u00eda General del Estado con n\u00famero de carpeta 39140\/CODDI-OAXACA\/2022.<\/p>\n\n\n\n<p>El 30 de noviembre de 2022, el elemento E.N.P. promovi\u00f3 el juicio de amparo 1389\/2022 y el 6 de diciembre de 2022, el elemento S.E.L.B. promovi\u00f3 tambi\u00e9n un juicio de amparo, 1368\/2022.<\/p>\n\n\n\n<p>Apenas el pasado 3 de marzo de 2023, el Juez Primero de Distrito, notific\u00f3 a la Unidad de Asuntos Internos que los amparos 1368\/2022 y 1389\/2022 fueron sobrese\u00eddos.<\/p>\n\n\n\n<p>\u201cPor lo anterior, la Unidad de Asuntos Internos contin\u00faa con la investigaci\u00f3n antes mencionada para remitir sus conclusiones a la Comisi\u00f3n del Servicio Profesional de Carrera, Honor y Justicia, quien determinar\u00e1 lo conducente.<\/p>\n\n\n\n<p>\u201cDe igual manera la Secretar\u00eda de Seguridad Ciudadana, Movilidad y Protecci\u00f3n Civil, permanece en espera de lo que a bien tenga que determinar la autoridad judicial competente\u201d, indic\u00f3.<\/p>\n\n\n\n<p>En el video que dio a conocer ayer ZONA ROJA, se aprecian probables actos degradantes cometidos por polic\u00edas, al mando del secretario Ra\u00fal \u00c1vila Ibarra, en contra de un ciudadano, de quien ha omitido dar detalles.<\/p>\n\n\n\n<p>Cabe precisar que de la misma manera ocurri\u00f3 el robo masivo de veh\u00edculos en el encierro \u201cPrimavera\u201d del ayuntamiento capitalino, desde marzo del a\u00f1o pasado, pero no fue sino hace pocas semanas, en que, tras la difusi\u00f3n del caso en redes sociales, en que la autoridad que encabeza el edil Francisco Mart\u00ednez Neri acept\u00f3 que fueron sustra\u00eddos alrededor de 800 unidades de motor.<\/p>\n","protected":false},"excerpt":{"rendered":"<p>Ismael Garc\u00eda M.\/Zona Roja. Oaxaca de Ju\u00e1rez, Oax., a 20 de marzo de 2023.- Tras&hellip;<\/p>\n","protected":false},"author":2,"featured_media":53059,"comment_status":"closed","ping_status":"open","sticky":false,"template":"","format":"standard","meta":{"_lmt_disableupdate":"","_lmt_disable":"","_jetpack_memberships_contains_paid_content":false,"footnotes":""},"categories":[109,47],"tags":[148],"class_list":["post-53057","post","type-post","status-publish","format-standard","has-post-thumbnail","hentry","category-minuto-a-minuto","category-zona-gris","tag-oaxaca-de-juarez"],"jetpack_featured_media_url":"https:\/\/zonaroja.com.mx\/wp-content\/uploads\/2023\/03\/Cuartel-municipal-ciudad-de-Oaxaca-policia.jpeg","jetpack_sharing_enabled":true,"_links":{"self":[{"href":"https:\/\/zonaroja.com.mx\/index.php?rest_route=\/wp\/v2\/posts\/53057","targetHints":{"allow":["GET"]}}],"collection":[{"href":"https:\/\/zonaroja.com.mx\/index.php?rest_route=\/wp\/v2\/posts"}],"about":[{"href":"https:\/\/zonaroja.com.mx\/index.php?rest_route=\/wp\/v2\/types\/post"}],"author":[{"embeddable":true,"href":"https:\/\/zonaroja.com.mx\/index.php?rest_route=\/wp\/v2\/users\/2"}],"replies":[{"embeddable":true,"href":"https:\/\/zonaroja.com.mx\/index.php?rest_route=%2Fwp%2Fv2%2Fcomments&post=53057"}],"version-history":[{"count":1,"href":"https:\/\/zonaroja.com.mx\/index.php?rest_route=\/wp\/v2\/posts\/53057\/revisions"}],"predecessor-version":[{"id":53060,"href":"https:\/\/zonaroja.com.mx\/index.php?rest_route=\/wp\/v2\/posts\/53057\/revisions\/53060"}],"wp:featuredmedia":[{"embeddable":true,"href":"https:\/\/zonaroja.com.mx\/index.php?rest_route=\/wp\/v2\/media\/53059"}],"wp:attachment":[{"href":"https:\/\/zonaroja.com.mx\/index.php?rest_route=%2Fwp%2Fv2%2Fmedia&parent=53057"}],"wp:term":[{"taxonomy":"category","embeddable":true,"href":"https:\/\/zonaroja.com.mx\/index.php?rest_route=%2Fwp%2Fv2%2Fcategories&post=53057"},{"taxonomy":"post_tag","embeddable":true,"href":"https:\/\/zonaroja.com.mx\/index.php?rest_route=%2Fwp%2Fv2%2Ftags&post=53057"}],"curies":[{"name":"wp","href":"https:\/\/api.w.org\/{rel}","templated":true}]}}