{"id":53071,"date":"2023-03-21T09:29:00","date_gmt":"2023-03-21T15:29:00","guid":{"rendered":"http:\/\/www.zonaroja.com.mx\/?p=53071"},"modified":"2023-03-21T07:51:56","modified_gmt":"2023-03-21T13:51:56","slug":"avala-seccion-22-intensificar-protestas-en-oaxaca-va-vs-corrupcion-de-lideres","status":"publish","type":"post","link":"https:\/\/zonaroja.com.mx\/?p=53071","title":{"rendered":"Avala Secci\u00f3n 22 intensificar protestas en Oaxaca; va vs corrupci\u00f3n de l\u00edderes"},"content":{"rendered":"\n<p>Redacci\u00f3n\/Zona Roja.<\/p>\n\n\n\n<p>Oaxaca de Ju\u00e1rez, Oax., a 21 de marzo de 2023.- La Asamblea Estatal de la Secci\u00f3n 22 del Sindicato Nacional de Trabajadores de la Educaci\u00f3n (SNTE) acord\u00f3 intensificar paulatinamente sus movilizaciones en Oaxaca, por diversas demandas.<\/p>\n\n\n\n<p>\u201cAcuerda realizar movilizaciones de menos a m\u00e1s para posicionar el MDTEO a nivel estatal y nacional\u201d, refiere el punto n\u00famero 63 de las disposiciones logradas en la reuni\u00f3n efectuada el pasado 11 de marzo y cuyos resultados fueron dados a conocer ayer.<\/p>\n\n\n\n<p>Adem\u00e1s, determin\u00f3 abrir una investigaci\u00f3n en contra de su anterior Comit\u00e9 Ejecutivo Seccional (CES), que encabez\u00f3 Eloy L\u00f3pez Hern\u00e1ndez, a efecto de corroborar si sus integrantes incurrieron en violaciones a los estatutos de la gremial, incluidos actos de corrupci\u00f3n, en un proceso que podr\u00eda desembocar en la inhabilitaci\u00f3n permanente de todos o algunos de aquellos personajes para volver a ocupar puestos en la dirigencia del sindicato disidente.<\/p>\n\n\n\n<p>Entre los acuerdos arrojados por la Asamblea Estatal resalta el hecho de nombrar, en la pr\u00f3xima Asamblea Estatal T\u00e9cnica, a los integrantes de la Comisi\u00f3n de Honor y Justicia que se encargar\u00e1 de \u00abseguir con los procesos de investigaci\u00f3n de los integrantes del CES anterior, que hayan violentado los principios rectores de la CNTE y del Movimiento Democr\u00e1tico de los Trabajadores de la Educaci\u00f3n (MDTEO) (y) en caso de los que resulten responsables, aplicarles el principio rector 20 (expulsi\u00f3n)\u00bb.<\/p>\n\n\n\n<p>En noviembre pasado, durante el proceso de la renovaci\u00f3n de su dirigencia, todos los informes presentados por sus anteriores l\u00edderes fueron rechazados por los integrantes de la Asamblea Estatal.<\/p>\n\n\n\n<p>De hecho, en m\u00faltiples ocasiones, los dirigentes encabezados por Eloy L\u00f3pez Hern\u00e1ndez fueron acusados de haber entregado el movimiento al pasado gobierno estatal del priista Alejandro Murat Hinojosa.<\/p>\n\n\n\n<p>Algunos de los informes cuya aprobaci\u00f3n fue rechazada debido al hallazgo de inconsistencias, fueron los de la Secretar\u00eda General, el de la Coordinadora Estatal de Trabajadores de la Educaci\u00f3n de Oaxaca (CETEO), el de la Secretar\u00eda de Finanzas, que encabez\u00f3 Jos\u00e9 Carlos L\u00f3pez Alonso, el de la Secretar\u00eda de Organizaci\u00f3n, que fue encabezada por Genaro Mart\u00ednez Morales, as\u00ed como los de la Secretar\u00eda de Orientaci\u00f3n Pol\u00edtica e Ideol\u00f3gica, la Instancia de Coordinaci\u00f3n Nacional (ICN) y la Secretar\u00eda T\u00e9cnica del Comit\u00e9 Administrador de Pr\u00e9stamos Personales (CAPP).<\/p>\n\n\n\n<p>OTROS ACUERDOS<\/p>\n\n\n\n<p>Entre otros acuerdos, se encuentran que se se aplique auditor\u00eda al Instituto Estatal de Educaci\u00f3n P\u00fablica de Oaxaca (IEEPOC), durante el sexenio de Alejandro Murat Hinojosa.<\/p>\n\n\n\n<p>Adem\u00e1s, que las Secretar\u00edas del Comit\u00e9 Ejecutivo Estatal rindan informes peri\u00f3dicamente \u201cpor salud del movimiento\u201d.<\/p>\n\n\n\n<p>Tambi\u00e9n, impulsar la mesa nacional tripartita para tratar los asuntos torales del movimiento democr\u00e1tico, como son: la Reforma Educativa de Enrique Pe\u00f1a Nieto-Andr\u00e9s Manuel L\u00f3pez Obrador; el USSICAM, la UMA, Ley del ISSSTE, \u201cretomando nuestras t\u00e1cticas de lucha movilizaci\u00f3n-negociaci\u00f3n-movilizaci\u00f3n y que no se agende una mesa m\u00e1s sin un pliego de demandas\u201d.<\/p>\n\n\n\n<p>Igualmente, que la Comisi\u00f3n Interdisciplinaria haga la contrapropuesta de la USICAMM (Unidad del Sistema para la Carrera de Maestras y Maestros) y que de inmediato se trace la ruta para la contrataci\u00f3n de los normalistas.<\/p>\n\n\n\n<p>\u201cSi ya existe la bilateralidad, que se exija la abrogaci\u00f3n del decretazo del 2015\u201d, refiere otro de los acuerdos, adem\u00e1s de que la pr\u00f3xima Asamblea Estatal sea tem\u00e1tica y el Comit\u00e9 Ejecutivo presente su plan de trabajo.<\/p>\n\n\n\n<p>De la misma manera, acord\u00f3 sancionar a los docentes que incendiaron la puerta del auditorio \u201cEnedino Jim\u00e9nez Jim\u00e9nez\u201d el d\u00eda 03 de marzo, durante la Asamblea Regional de Valles Centrales.<\/p>\n\n\n\n<p>En el punto 68, acuerda declarar insuficientes las respuestas del IEEPO en las mesas de trabajo con los Niveles Educativos.<\/p>\n\n\n\n<p>PRINCIPIO RECTOR 20<\/p>\n\n\n\n<p>El n\u00famero 20 de los 24 principios rectores de la Secci\u00f3n 22 indica que los representantes sindicales en todas sus instancias deben asumir una conducta \u00e9tica-pol\u00edtica que fortalezca la unidad; sin embargo, admite que algunos representantes, \u00abaun siendo nombrados por sus bases de la manera m\u00e1s democr\u00e1tica\u00bb, pretenden utilizar la comisi\u00f3n sindical para la obtenci\u00f3n de beneficios personales o cometer actos considerados de corrupci\u00f3n por este movimiento.&nbsp;<\/p>\n\n\n\n<p>En ese sentido, la normativa explica que se entiende por corrupci\u00f3n \u00abla negociaci\u00f3n en forma aislada de instancias correspondientes (Plenarias, por secretarias con menos del 50%) desviaci\u00f3n de los Principios Rectores, incumplimiento de sus funciones sindicales, acoso sexual, venta de democr\u00e1tico, prepotencia en atenci\u00f3n a las bases, actos de negligencia, labores contrarias al movimiento y actos en flagrancia, etc\u00e9tera.<\/p>\n\n\n\n<p>Asimismo, subraya que quien resulte sancionado ser\u00e1 revocado del cargo que ostente, adem\u00e1s de que quedar\u00e1 inhabilitado para ocupar cualquier cargo sindical de manera permanente, y la obligaci\u00f3n de resarcir los gastos y subsanar los da\u00f1os y vincularlo jur\u00eddicamente.<\/p>\n","protected":false},"excerpt":{"rendered":"<p>Redacci\u00f3n\/Zona Roja. Oaxaca de Ju\u00e1rez, Oax., a 21 de marzo de 2023.- La Asamblea Estatal&hellip;<\/p>\n","protected":false},"author":2,"featured_media":53072,"comment_status":"closed","ping_status":"open","sticky":false,"template":"","format":"standard","meta":{"_lmt_disableupdate":"","_lmt_disable":"","_jetpack_memberships_contains_paid_content":false,"footnotes":""},"categories":[109,47],"tags":[312],"class_list":["post-53071","post","type-post","status-publish","format-standard","has-post-thumbnail","hentry","category-minuto-a-minuto","category-zona-gris","tag-seccion-22-del-snte"],"jetpack_featured_media_url":"https:\/\/zonaroja.com.mx\/wp-content\/uploads\/2023\/03\/Asamblea-Seccion-22-del-SNTE.jpg","jetpack_sharing_enabled":true,"_links":{"self":[{"href":"https:\/\/zonaroja.com.mx\/index.php?rest_route=\/wp\/v2\/posts\/53071","targetHints":{"allow":["GET"]}}],"collection":[{"href":"https:\/\/zonaroja.com.mx\/index.php?rest_route=\/wp\/v2\/posts"}],"about":[{"href":"https:\/\/zonaroja.com.mx\/index.php?rest_route=\/wp\/v2\/types\/post"}],"author":[{"embeddable":true,"href":"https:\/\/zonaroja.com.mx\/index.php?rest_route=\/wp\/v2\/users\/2"}],"replies":[{"embeddable":true,"href":"https:\/\/zonaroja.com.mx\/index.php?rest_route=%2Fwp%2Fv2%2Fcomments&post=53071"}],"version-history":[{"count":1,"href":"https:\/\/zonaroja.com.mx\/index.php?rest_route=\/wp\/v2\/posts\/53071\/revisions"}],"predecessor-version":[{"id":53073,"href":"https:\/\/zonaroja.com.mx\/index.php?rest_route=\/wp\/v2\/posts\/53071\/revisions\/53073"}],"wp:featuredmedia":[{"embeddable":true,"href":"https:\/\/zonaroja.com.mx\/index.php?rest_route=\/wp\/v2\/media\/53072"}],"wp:attachment":[{"href":"https:\/\/zonaroja.com.mx\/index.php?rest_route=%2Fwp%2Fv2%2Fmedia&parent=53071"}],"wp:term":[{"taxonomy":"category","embeddable":true,"href":"https:\/\/zonaroja.com.mx\/index.php?rest_route=%2Fwp%2Fv2%2Fcategories&post=53071"},{"taxonomy":"post_tag","embeddable":true,"href":"https:\/\/zonaroja.com.mx\/index.php?rest_route=%2Fwp%2Fv2%2Ftags&post=53071"}],"curies":[{"name":"wp","href":"https:\/\/api.w.org\/{rel}","templated":true}]}}