{"id":53075,"date":"2023-03-21T15:40:26","date_gmt":"2023-03-21T21:40:26","guid":{"rendered":"http:\/\/www.zonaroja.com.mx\/?p=53075"},"modified":"2023-03-21T15:40:29","modified_gmt":"2023-03-21T21:40:29","slug":"anuncia-amlo-conclusion-y-desarrollo-de-megaproyectos-pero-pueblos-siguen-en-protestas","status":"publish","type":"post","link":"https:\/\/zonaroja.com.mx\/?p=53075","title":{"rendered":"Anuncia AMLO conclusi\u00f3n y desarrollo de megaproyectos, pero pueblos siguen en protestas"},"content":{"rendered":"\n<p>Yuridiana Sosa\/Zona Roja.<\/p>\n\n\n\n<p>Oaxaca de Ju\u00e1rez, Oax. a 21 de marzo de 2023.-Mientras que el Presidente de M\u00e9xico, Andr\u00e9s Manuel L\u00f3pez Obrador, dio anuncios sobre la conclusi\u00f3n de la supercarretera Oaxaca-Costa para este a\u00f1o y los beneficios del megaproyecto del Corredor Interoce\u00e1nico del Istmo, pobladores de diferentes comunidades se manifestaron en localidades que colindan con ambos proyectos.<\/p>\n\n\n\n<p>Durante la conferencia matutina de&nbsp;este martes, desde la Zona Militar ubicada en Santa Mar\u00eda Ixcotel, del municipio conurbado de Santa Luc\u00eda del Camino, Oaxaca, el mandatario nacional indic\u00f3 que entre julio y agosto podr\u00edan concluir los trabajos de la supercarretera Oaxaca-Costa.<\/p>\n\n\n\n<p>En ese contexto, agradeci\u00f3 a los habitantes de San Vicente Coatl\u00e1n por aceptar la continuidad de la carretera, pues ya se hab\u00eda considerado el cambio del trazo para poder avanzar con la obra, en la que actualmente se trabaja d\u00eda y noche para terminarla.<\/p>\n\n\n\n<p>Reconoci\u00f3 que de por medio est\u00e1 un conflicto agrario entre Coatl\u00e1n y Sola de Vega, pero se est\u00e1 buscando la mediaci\u00f3n y los acuerdos necesarios para la conclusi\u00f3n del problema.<\/p>\n\n\n\n<p>En septiembre de 2022, el ex gobernador Alejandro Murat anunci\u00f3, tras un recorrido a la obra de en el tramo Barranca Larga-Ventanilla, que dicha obra podr\u00eda inaugurarse en noviembre siguiente, tras 20 a\u00f1os del proyecto, el cual contaba con un avance del 90 por ciento.<\/p>\n\n\n\n<p>Sin embargo, autoridades comunales, municipales y poblaci\u00f3n de San Vicente Coatl\u00e1n decidieron la suspensi\u00f3n de la obra ante la falta de acuerdos y voluntad de la autoridad estatal para solucionar el conflicto agrario con Villa Sola de Vega, por lo que exigieron al presidente Andr\u00e9s Manuel L\u00f3pez Obrador atender el problema.<\/p>\n\n\n\n<p>Hoy, de forma coincidente con el anuncio del Presidente de M\u00e9xico, habitantes de San Francisco Coatl\u00e1n bloquean la obra en el tramo Barranca Larga-Ventanilla en protesta contra el edil de San Pablo Coatl\u00e1n, Abraham L\u00f3pez Mart\u00ednez.<\/p>\n\n\n\n<figure class=\"wp-block-embed\"><div class=\"wp-block-embed__wrapper\">\n<div class=\"twitter-tweet\"><blockquote class=\"twitter-tweet\" data-lang=\"es\"><p lang=\"es\" dir=\"ltr\">POST<a href=\"https:\/\/twitter.com\/hashtag\/%C3%9AltimoMinuto?src=hash&amp;ref_src=twsrc%5Etfw\">#\u00daltimoMinuto<\/a><br>1. En la sede de la VIII Regi\u00f3n y la XXVIII Zona Militar de la Sedena, de Santa Mar\u00eda Ixcotel,Oaxaca, el Presidente <a href=\"https:\/\/twitter.com\/lopezobrador_?ref_src=twsrc%5Etfw\">@lopezobrador_<\/a> encabeza su conferencia matutina este martes; le acompa\u00f1a el gobernador <a href=\"https:\/\/twitter.com\/salomonj?ref_src=twsrc%5Etfw\">@salomonj<\/a>.<br>Siga la transmisi\u00f3n:<br>\ud83d\udc47<a href=\"https:\/\/t.co\/grcwLDLZ3H\">https:\/\/t.co\/grcwLDLZ3H<\/a> <a href=\"https:\/\/t.co\/b8i02gpSzV\">pic.twitter.com\/b8i02gpSzV<\/a><\/p>&mdash; Zona Roja Oaxaca (@ZonaRoja_Oaxaca) <a href=\"https:\/\/twitter.com\/ZonaRoja_Oaxaca\/status\/1638166141129326592?ref_src=twsrc%5Etfw\">21 de marzo de 2023<\/a><\/blockquote><\/div>\n<\/div><\/figure>\n\n\n\n<p>SIGUE PROTESTA EN EL ISTMO&nbsp;<\/p>\n\n\n\n<p>L\u00f3pez Obrador indic\u00f3 que la supercarretera Oaxaca-Istmo se llevar\u00e1 m\u00e1s tiempo y posiblemente sea a finales del 2023 que se concluya, pero presumi\u00f3 los avances importantes en las obras del Corredor Interoce\u00e1nico del Istmo de Tehuantepec (CIIT), que incluye rehabilitaci\u00f3n de v\u00edas f\u00e9rreas, obras comunitarias, adem\u00e1s de los proyectos en refiner\u00edas y el puerto de Salina Cruz.<\/p>\n\n\n\n<p>Contrario a los beneficios anunciados para las poblaciones que colindan con obras del megaproyecto, diversas comunidades de la regi\u00f3n mantienen el bloqueo a las v\u00edas del Ferrocarril en el tramo Mogo\u00f1e Viejo-Vixidu desde hace 23 d\u00edas y emitieron un posicionamiento ante la visita del mandatario nacional.<\/p>\n\n\n\n<p>Ejidatarios y posesionarios de Mogo\u00f1e Viejo, respaldados por campesinos mixes y habitantes de las comunidades de Rio Pachi\u00f1e, El Zarzal, Plan de San Luis, Palomares, San Juan Guichicovi, Vixidu, Hierba Santa, El Maluco, Rinc\u00f3n Viejo Petapa, entre otras, se\u00f1alaron da\u00f1os ante la obra, por lo que exigen a los gobiernos federal y del estado establecer una mesa de di\u00e1logo, con el fin de evitar m\u00e1s da\u00f1os y remediar los ya provocados.&nbsp;<\/p>\n\n\n\n<p>\u201cRatificamos por tercera vez nuestra petici\u00f3n al Presidente de la Rep\u00fablica Andr\u00e9s Manuel L\u00f3pez Obrador, para que se establezca una mesa de nivel para atender nuestros reclamos y para que se nos informe entre otras cosas, el por qu\u00e9 las empresas contratadas para la ejecuci\u00f3n de las obras no respetan el marco legal en materia laboral ni las recomendaciones en materia ambiental emitidas por la Semarnat, adem\u00e1s de violentar nuestros derechos agrarios e ind\u00edgenas. <\/p>\n\n\n\n<p>\u201cAl gobernador Salom\u00f3n Jara le pedimos su directa intervenci\u00f3n para que este di\u00e1logo sea efectivo\u201d, destac\u00f3 el manifiesto de los adheridos a la organizaci\u00f3n Uni\u00f3n de Comunidades Ind\u00edgenas de la Zona Norte del Istmo (UCIZONI).<\/p>\n\n\n\n<p>BENEFICIOS DE CIIT<\/p>\n\n\n\n<p>La obra de la rehabilitaci\u00f3n de las v\u00edas f\u00e9rreas de la l\u00ednea Z, Oaxaca-Veracruz, presenta un avance del 79.39 por ciento y se prev\u00e9 se concluya en agosto de este a\u00f1o.&nbsp;<\/p>\n\n\n\n<p>La autoridad nacional indic\u00f3 que esta intervenci\u00f3n adem\u00e1s contempla obras a favor de las comunidades colindantes con el proyecto, como son obras de drenaje y mejoramiento urbano, en lo que se han invertido m\u00e1s de 620 millones de pesos.<\/p>\n\n\n\n<p>Para este a\u00f1o, se tienen destinados 137 millones de pesos en 158 proyectos de mejoramiento de barrios, regularizaci\u00f3n y certeza jur\u00eddica, planeaci\u00f3n urbana e infraestructura y obras comunitarias, generando siete mil 500 empleos.&nbsp;<\/p>\n\n\n\n<p>Como ejemplo mencionaron al municipio de San Juan Guichicovi, con casi mil acciones; unas 640 obras de vivienda social y m\u00e1s de 370 en diversas construcciones. <\/p>\n","protected":false},"excerpt":{"rendered":"<p>Yuridiana Sosa\/Zona Roja. Oaxaca de Ju\u00e1rez, Oax. a 21 de marzo de 2023.-Mientras que el&hellip;<\/p>\n","protected":false},"author":2,"featured_media":53074,"comment_status":"closed","ping_status":"open","sticky":false,"template":"","format":"standard","meta":{"_lmt_disableupdate":"","_lmt_disable":"","_jetpack_memberships_contains_paid_content":false,"footnotes":""},"categories":[109,47],"tags":[1538],"class_list":["post-53075","post","type-post","status-publish","format-standard","has-post-thumbnail","hentry","category-minuto-a-minuto","category-zona-gris","tag-gira-de-lopez-obrador-en-oaxaca"],"jetpack_featured_media_url":"https:\/\/zonaroja.com.mx\/wp-content\/uploads\/2023\/03\/83d9a655-5f53-44ca-a003-087058bb1c7b.jpg","jetpack_sharing_enabled":true,"_links":{"self":[{"href":"https:\/\/zonaroja.com.mx\/index.php?rest_route=\/wp\/v2\/posts\/53075","targetHints":{"allow":["GET"]}}],"collection":[{"href":"https:\/\/zonaroja.com.mx\/index.php?rest_route=\/wp\/v2\/posts"}],"about":[{"href":"https:\/\/zonaroja.com.mx\/index.php?rest_route=\/wp\/v2\/types\/post"}],"author":[{"embeddable":true,"href":"https:\/\/zonaroja.com.mx\/index.php?rest_route=\/wp\/v2\/users\/2"}],"replies":[{"embeddable":true,"href":"https:\/\/zonaroja.com.mx\/index.php?rest_route=%2Fwp%2Fv2%2Fcomments&post=53075"}],"version-history":[{"count":1,"href":"https:\/\/zonaroja.com.mx\/index.php?rest_route=\/wp\/v2\/posts\/53075\/revisions"}],"predecessor-version":[{"id":53076,"href":"https:\/\/zonaroja.com.mx\/index.php?rest_route=\/wp\/v2\/posts\/53075\/revisions\/53076"}],"wp:featuredmedia":[{"embeddable":true,"href":"https:\/\/zonaroja.com.mx\/index.php?rest_route=\/wp\/v2\/media\/53074"}],"wp:attachment":[{"href":"https:\/\/zonaroja.com.mx\/index.php?rest_route=%2Fwp%2Fv2%2Fmedia&parent=53075"}],"wp:term":[{"taxonomy":"category","embeddable":true,"href":"https:\/\/zonaroja.com.mx\/index.php?rest_route=%2Fwp%2Fv2%2Fcategories&post=53075"},{"taxonomy":"post_tag","embeddable":true,"href":"https:\/\/zonaroja.com.mx\/index.php?rest_route=%2Fwp%2Fv2%2Ftags&post=53075"}],"curies":[{"name":"wp","href":"https:\/\/api.w.org\/{rel}","templated":true}]}}