{"id":5308,"date":"2019-10-31T21:29:01","date_gmt":"2019-11-01T03:29:01","guid":{"rendered":"http:\/\/www.zonaroja.com.mx\/?p=5308"},"modified":"2019-10-31T21:29:04","modified_gmt":"2019-11-01T03:29:04","slug":"exhibe-sedena-a-jefe-militar-antinarco-y-lo-culpa-del-caso-culiacan","status":"publish","type":"post","link":"https:\/\/zonaroja.com.mx\/?p=5308","title":{"rendered":"Exhibe Sedena a jefe militar antinarco y lo culpa del caso Culiac\u00e1n"},"content":{"rendered":"\n<p>Redacci\u00f3n\/Zona Roja Cdmx.<\/p>\n\n\n\n<p>Ciudad de M\u00e9xico, 31 de octubre de 2019.-\nEl titular de la Secretar\u00eda de la Defensa Nacional (Sedena), Luis Crescencio\nSandoval, dijo hoy que la orden de ejecutar el operativo para detener a Ovidio\nGuzm\u00e1n, a partir del mediod\u00eda del 17 de octubre en Culiac\u00e1n, la dio el jefe del\ngrupo especializado que estaba a cargo del operativo en la capital sinaloense.<\/p>\n\n\n\n<p>A petici\u00f3n del presidente Andr\u00e9s Manuel\nL\u00f3pez Obrador, durante la conferencia de prensa matutina en Palacio Nacional,\nel general detall\u00f3 que el comandante del Grupo de An\u00e1lisis de Informaci\u00f3n del\nNarcotrafico, a cargo del operativo en Culiac\u00e1n, es el coronel de Caballer\u00eda\nJuan Jos\u00e9 Verde Montes, quien maneja la estructura, acopio de informaci\u00f3n y\ndirecci\u00f3n operativa y de inteligencia de esa unidad de \u00e9lite.<\/p>\n\n\n\n<p>En cuanto a la orden de cateo, que no\nfue emitida por parte de la Fiscal\u00eda General de la Rep\u00fablica, dijo que es parte\nde la investigaci\u00f3n para deslindar su responsabilidades.<\/p>\n\n\n\n<p>La fiscal\u00eda militar, a su vez, indaga\nsi el personal castrense tiene alguna responsabilidad, indic\u00f3 Sandoval.<\/p>\n\n\n\n<p>El secretario de la Defensa reiter\u00f3 su\nexplicaci\u00f3n de la v\u00edspera sobre la manera en que el personal militar fue\nagredido y\/o retenido, lo que dio pie a la decisi\u00f3n de desistir en la detenci\u00f3n\nde Ovidio Guzm\u00e1n. <\/p>\n\n\n\n<p>\u201cSe ve\u00eda un poco falto de seguir el\nproceso legal, inclusive aqu\u00ed cit\u00e1bamos que casi son las mismas horas: 15:50 y\nen Culiac\u00e1n se estaban viviendo las agresiones\u201d.<\/p>\n\n\n\n<p>Con base en la situaci\u00f3n,\n\u00abdecidimos retirar al personal, a las fuerzas, todav\u00eda no ten\u00edamos\ncompleta esta informaci\u00f3n pero hab\u00eda amenazas y todo lo que ya nos hab\u00edan\ninformado, el ataque a la unidad habitacional\u201d, expuso Sandoval. Dijo que esos\nreportes se analizaron en el gabinete de seguridad y ah\u00ed se decidi\u00f3 el retiro\nde los efectivos.<\/p>\n\n\n\n<p>\u201cAyer lo creamos en la l\u00ednea de tiempo.\nAqu\u00ed voy a checar: a las 18:49, por decisi\u00f3n colegiada del gabinete de\nseguridad, se ordena dar fin a la operaci\u00f3n\u201d, subray\u00f3.<\/p>\n\n\n\n<p>Coment\u00f3 que a partir de ese momento\ndejan al presunto delincuente en el punto en el que se encontraba, \u00abnunca\nse movi\u00f3 de ah\u00ed (la casa en el fraccionamiento Tres R\u00edos)\u00bb.<\/p>\n\n\n\n<p>Se\u00f1al\u00f3 que en el gabinete se analiz\u00f3 la informaci\u00f3n disponible \u201cy ah\u00ed , en ese an\u00e1lisis entre todos\u201d se decide retirar al personal.<\/p>\n\n\n\n<p>(Informaci\u00f3n del diario \u00abLa Jornada\u00bb)<\/p>\n","protected":false},"excerpt":{"rendered":"<p>Redacci\u00f3n\/Zona Roja Cdmx. Ciudad de M\u00e9xico, 31 de octubre de 2019.- El titular de la&hellip;<\/p>\n","protected":false},"author":2,"featured_media":5309,"comment_status":"closed","ping_status":"open","sticky":false,"template":"","format":"standard","meta":{"_lmt_disableupdate":"","_lmt_disable":"","_jetpack_memberships_contains_paid_content":false,"footnotes":""},"categories":[109,47],"tags":[887],"class_list":["post-5308","post","type-post","status-publish","format-standard","has-post-thumbnail","hentry","category-minuto-a-minuto","category-zona-gris","tag-ovidio-guzman-lopez"],"jetpack_featured_media_url":"https:\/\/zonaroja.com.mx\/wp-content\/uploads\/2019\/10\/Sedena.jpeg","jetpack_sharing_enabled":true,"_links":{"self":[{"href":"https:\/\/zonaroja.com.mx\/index.php?rest_route=\/wp\/v2\/posts\/5308","targetHints":{"allow":["GET"]}}],"collection":[{"href":"https:\/\/zonaroja.com.mx\/index.php?rest_route=\/wp\/v2\/posts"}],"about":[{"href":"https:\/\/zonaroja.com.mx\/index.php?rest_route=\/wp\/v2\/types\/post"}],"author":[{"embeddable":true,"href":"https:\/\/zonaroja.com.mx\/index.php?rest_route=\/wp\/v2\/users\/2"}],"replies":[{"embeddable":true,"href":"https:\/\/zonaroja.com.mx\/index.php?rest_route=%2Fwp%2Fv2%2Fcomments&post=5308"}],"version-history":[{"count":1,"href":"https:\/\/zonaroja.com.mx\/index.php?rest_route=\/wp\/v2\/posts\/5308\/revisions"}],"predecessor-version":[{"id":5310,"href":"https:\/\/zonaroja.com.mx\/index.php?rest_route=\/wp\/v2\/posts\/5308\/revisions\/5310"}],"wp:featuredmedia":[{"embeddable":true,"href":"https:\/\/zonaroja.com.mx\/index.php?rest_route=\/wp\/v2\/media\/5309"}],"wp:attachment":[{"href":"https:\/\/zonaroja.com.mx\/index.php?rest_route=%2Fwp%2Fv2%2Fmedia&parent=5308"}],"wp:term":[{"taxonomy":"category","embeddable":true,"href":"https:\/\/zonaroja.com.mx\/index.php?rest_route=%2Fwp%2Fv2%2Fcategories&post=5308"},{"taxonomy":"post_tag","embeddable":true,"href":"https:\/\/zonaroja.com.mx\/index.php?rest_route=%2Fwp%2Fv2%2Ftags&post=5308"}],"curies":[{"name":"wp","href":"https:\/\/api.w.org\/{rel}","templated":true}]}}