{"id":53085,"date":"2023-03-21T17:59:09","date_gmt":"2023-03-21T23:59:09","guid":{"rendered":"http:\/\/www.zonaroja.com.mx\/?p=53085"},"modified":"2023-03-21T18:02:31","modified_gmt":"2023-03-22T00:02:31","slug":"sin-pistas-de-dos-menores-norteamericanos-desaparecidos-en-nuevo-leon","status":"publish","type":"post","link":"https:\/\/zonaroja.com.mx\/?p=53085","title":{"rendered":"Sin pistas, de dos menores norteamericanos desaparecidos en Nuevo Le\u00f3n"},"content":{"rendered":"\n<p>Redacci\u00f3n\/Zona Roja Cdmx.<\/p>\n\n\n\n<p>Ciudad de M\u00e9xico, 21 de marzo de 2023.- La Agencia Estatal de Investigaciones (AEI) y el Grupo Especializado de B\u00fasqueda Inmediata (GEBI) han emitido una Alerta Amber para dar con la localizaci\u00f3n de dos menores de edad de nacionalidad estadounidense que desaparecieron en la colonia Real de San Felipe en Garc\u00eda, Nuevo Le\u00f3n.<\/p>\n\n\n\n<p>Los menores de edad desaparecidos el pasado 17 de marzo son Hugo Yarset Monfort Luna y Aranza Yosemiti Monfort Luna, de nueve y 16 a\u00f1os respectivamente.<\/p>\n\n\n\n<p>Hugo Yarset tiene cabello casta\u00f1o oscuro y lacio, tez moreno claro, ojos caf\u00e9 oscuro, nariz peque\u00f1a y chata; boca grande, estatura promedio de 1.10 metros y complexi\u00f3n delgada. Como se\u00f1a particular, le falta un diente en la parte inferior derecha.<\/p>\n\n\n\n<p>Mientras que Aranza Yosemiti es una adolescente de pelo casta\u00f1o oscuro y lacio, tez blanca, ojos caf\u00e9 oscuro, nariz mediana y respingada; boca grande, estatura aproximada de 1.60 metros y complexi\u00f3n delgada. Una mancha color caf\u00e9 en la mejilla derecha es descrita como su se\u00f1a particular.<\/p>\n\n\n\n<p>Ambos menores salieron de su domicilio el pasado 17 de marzo, sin embargo, hasta el momento no se ha sabido nada de ellos.&nbsp;<\/p>\n\n\n\n<p>El bolet\u00edn de la Alerta Amber se\u00f1ala que, debido a las condiciones de la desaparici\u00f3n, edad y tiempo transcurrido, los menores pudieran encontrarse en peligro inminente.<\/p>\n\n\n\n<p>Aranza vest\u00eda un pantal\u00f3n negro de mezclilla, sudadera rosa, su\u00e9ter negro en la cintura, su\u00e9ter gris largo, tenis azules y bolsa tipo mariconera color caf\u00e9.<\/p>\n\n\n\n<p>Ante cualquier informaci\u00f3n sore su desaparici\u00f3n, las autoridades han puesto a disposici\u00f3n los n\u00fameros telef\u00f3nicos 81 2020 4439 y 81 2020 4460; as{i como el correo electr\u00f3nico alertaamber@fiscalianl.gob.mx.<\/p>\n\n\n\n<p>(Informaci\u00f3n de \u201cSin Embargo\u201d)<\/p>\n","protected":false},"excerpt":{"rendered":"<p>Redacci\u00f3n\/Zona Roja Cdmx. Ciudad de M\u00e9xico, 21 de marzo de 2023.- La Agencia Estatal de&hellip;<\/p>\n","protected":false},"author":2,"featured_media":53086,"comment_status":"closed","ping_status":"open","sticky":false,"template":"","format":"standard","meta":{"_lmt_disableupdate":"","_lmt_disable":"","_jetpack_memberships_contains_paid_content":false,"footnotes":""},"categories":[109,47],"tags":[3476],"class_list":["post-53085","post","type-post","status-publish","format-standard","has-post-thumbnail","hentry","category-minuto-a-minuto","category-zona-gris","tag-nuevo-leon"],"jetpack_featured_media_url":"https:\/\/zonaroja.com.mx\/wp-content\/uploads\/2023\/03\/Desaparecidas-nortamericanas-en-Nuevo-Leon.jpg","jetpack_sharing_enabled":true,"_links":{"self":[{"href":"https:\/\/zonaroja.com.mx\/index.php?rest_route=\/wp\/v2\/posts\/53085","targetHints":{"allow":["GET"]}}],"collection":[{"href":"https:\/\/zonaroja.com.mx\/index.php?rest_route=\/wp\/v2\/posts"}],"about":[{"href":"https:\/\/zonaroja.com.mx\/index.php?rest_route=\/wp\/v2\/types\/post"}],"author":[{"embeddable":true,"href":"https:\/\/zonaroja.com.mx\/index.php?rest_route=\/wp\/v2\/users\/2"}],"replies":[{"embeddable":true,"href":"https:\/\/zonaroja.com.mx\/index.php?rest_route=%2Fwp%2Fv2%2Fcomments&post=53085"}],"version-history":[{"count":1,"href":"https:\/\/zonaroja.com.mx\/index.php?rest_route=\/wp\/v2\/posts\/53085\/revisions"}],"predecessor-version":[{"id":53087,"href":"https:\/\/zonaroja.com.mx\/index.php?rest_route=\/wp\/v2\/posts\/53085\/revisions\/53087"}],"wp:featuredmedia":[{"embeddable":true,"href":"https:\/\/zonaroja.com.mx\/index.php?rest_route=\/wp\/v2\/media\/53086"}],"wp:attachment":[{"href":"https:\/\/zonaroja.com.mx\/index.php?rest_route=%2Fwp%2Fv2%2Fmedia&parent=53085"}],"wp:term":[{"taxonomy":"category","embeddable":true,"href":"https:\/\/zonaroja.com.mx\/index.php?rest_route=%2Fwp%2Fv2%2Fcategories&post=53085"},{"taxonomy":"post_tag","embeddable":true,"href":"https:\/\/zonaroja.com.mx\/index.php?rest_route=%2Fwp%2Fv2%2Ftags&post=53085"}],"curies":[{"name":"wp","href":"https:\/\/api.w.org\/{rel}","templated":true}]}}