{"id":53100,"date":"2023-03-22T09:30:00","date_gmt":"2023-03-22T15:30:00","guid":{"rendered":"http:\/\/www.zonaroja.com.mx\/?p=53100"},"modified":"2023-03-22T07:22:32","modified_gmt":"2023-03-22T13:22:32","slug":"acusa-ex-fiscal-de-eu-amlo-dio-libertad-a-los-carteles-para-traficar","status":"publish","type":"post","link":"https:\/\/zonaroja.com.mx\/?p=53100","title":{"rendered":"Acusa ex fiscal de EU: AMLO dio libertad a los c\u00e1rteles para traficar"},"content":{"rendered":"\n<p>Redacci\u00f3n\/Zona Roja Cdmx.<\/p>\n\n\n\n<p>Ciudad de M\u00e9xico, a 22 de marzo de 2023.- A trav\u00e9s de una carta publicada en \u201cThe Wall Street Journal\u201d (WSJ), como contrarr\u00e9plica al canciller Marcelo Ebrard, el ex fiscal William Barr asegur\u00f3 que el gobierno de la autollamada \u201cCuarta Transformaci\u00f3n\u201d (4T) consider\u00f3 dejar el camino libre a los c\u00e1rteles para traficar drogas a EEUU, con el objetivo de que fueran \u201cpac\u00edficos\u201d, pero no funcion\u00f3.<\/p>\n\n\n\n<p>\u201cEl plan de AMLO: Si los c\u00e1rteles quedan libres para traficar drogas a EU, ser\u00e1n m\u00e1s pac\u00edficos dentro de M\u00e9xico. Esta pol\u00edtica ha fallado\u201d<\/p>\n\n\n\n<p>Barr argument\u00f3 que los c\u00e1rteles del narco son muy fuertes en M\u00e9xico y que el gobierno de L\u00f3pez Obrador carece de capacidad para liberarse de ellos, debido a que tambi\u00e9n pueden corromper a las autoridades de los tres niveles de gobierno, por lo que se requiere trabajo de ambas naciones.<\/p>\n\n\n\n<p>\u201cLiberarse requerir\u00e1 la ayuda de Estados Unidos dentro de M\u00e9xico, con suerte trabajando en cooperaci\u00f3n con los mexicanos\u201d<\/p>\n\n\n\n<p>Sin embargo, afirm\u00f3 que el presidente mexicano evita confrontarse con las organizaciones delictivas, toda vez que impide a los estadounidenses que tomen medidas con el alegato de la \u201csoberan\u00eda nacional\u201d.<\/p>\n\n\n\n<p>Seg\u00fan Barr, cuando Trump amenaz\u00f3 con designar a los c\u00e1rteles como organizaciones terroristas, estos bajaron sus niveles de violencia.<\/p>\n\n\n\n<p>\u201cEl Presidente Andr\u00e9s Manuel L\u00f3pez Obrador no tiene inter\u00e9s en confrontar seriamente a los c\u00e1rteles y no permitir\u00e1 que Estados Unidos lo haga [&#8230;] S\u00f3lo despu\u00e9s de que el Presidente Trump amenaz\u00f3 con designar a los c\u00e1rteles como terroristas, AMLO hizo gestos poco entusiastas de cooperaci\u00f3n, para el espect\u00e1culo. Estos cesaron abruptamente cuando el Sr. Trump perdi\u00f3 la reelecci\u00f3n.<\/p>\n\n\n\n<p>\u201cInsiste en la soberan\u00eda pero ignora el deber correspondiente de M\u00e9xico seg\u00fan el derecho internacional de garantizar que su territorio no sea un santuario para grupos que se aprovechan de los EU\u201d, subray\u00f3 el ex fiscal.<\/p>\n\n\n\n<p>Cabe mencionar que el pasado 4 de marzo, Barr exhort\u00f3 al gobierno de EEUU utilizar al Ej\u00e9rcito para combatir a los c\u00e1rteles del narco, incluso en territorio mexicano, y as\u00ed mitigar la crisis de sobredosis de fentanilo en su pa\u00eds, que en 2022 dej\u00f3 m\u00e1s de 70 mil muertos, de acuerdo con la DEA.<\/p>\n\n\n\n<p>\u201cLos c\u00e1rteles mexicanos han florecido porque las administraciones mexicanas no han estado dispuestas a enfrentarse a ellos. La excepci\u00f3n fue el presidente Felipe Calder\u00f3n (2006-2012), que quer\u00eda ir a por todas contra los c\u00e1rteles, pero las prioridades estadounidenses estaban en otra parte en ese momento\u201d<\/p>\n\n\n\n<p>\u201cHoy, el principal facilitador de los c\u00e1rteles es el presidente Andr\u00e9s Manuel L\u00f3pez Obrador. En realidad, AMLO no est\u00e1 dispuesto a tomar medidas que desaf\u00eden seriamente a los c\u00e1rteles. Los protege invocando constantemente la soberan\u00eda de M\u00e9xico para impedir que Estados Unidos tome medidas efectivas\u201d, agreg\u00f3.<\/p>\n\n\n\n<p>La postura fue retomada por varios pol\u00edticos republicanos, como Dan Crenshaw o Mike Waltz, quienes lanzaron una iniciativa para dotar de facultades al presidente Joe Biden y \u00e9ste autorice el uso de la fuerza militar en contra de los c\u00e1rteles, en especial el de Sinaloa y el Jalisco Nueva Generaci\u00f3n (CJNG).<\/p>\n\n\n\n<p>Al respecto, Ebrard respondi\u00f3 a trav\u00e9s del WSJ que Barr busca emprender una guerra contra el narco, como lo hizo el ex presidente panista Felipe Calder\u00f3n; sin embargo, asegur\u00f3 que la voraz demanda de drogas en EEUU, as\u00ed como el flujo de armas desde su pa\u00eds, han fortalecido el poder de los grupos criminales en M\u00e9xico y provocado la actual violencia entre ambas fronteras.<\/p>\n\n\n\n<p>Adem\u00e1s, escribi\u00f3 que dicha intenci\u00f3n da\u00f1ar\u00eda la cooperaci\u00f3n binacional en materia de seguridad y combate al narcotr\u00e1fico, adem\u00e1s de que s\u00f3lo tiene fines electorales en favor del partido republicano.<\/p>\n\n\n\n<p>(Informaci\u00f3n de Infobae)<\/p>\n","protected":false},"excerpt":{"rendered":"<p>Redacci\u00f3n\/Zona Roja Cdmx. Ciudad de M\u00e9xico, a 22 de marzo de 2023.- A trav\u00e9s de&hellip;<\/p>\n","protected":false},"author":2,"featured_media":53101,"comment_status":"closed","ping_status":"open","sticky":false,"template":"","format":"standard","meta":{"_lmt_disableupdate":"","_lmt_disable":"","_jetpack_memberships_contains_paid_content":false,"footnotes":""},"categories":[109,47],"tags":[3477],"class_list":["post-53100","post","type-post","status-publish","format-standard","has-post-thumbnail","hentry","category-minuto-a-minuto","category-zona-gris","tag-william-barr-estados-unidos"],"jetpack_featured_media_url":"https:\/\/zonaroja.com.mx\/wp-content\/uploads\/2023\/03\/William-Barr-EU-ex-fiscal.jpeg","jetpack_sharing_enabled":true,"_links":{"self":[{"href":"https:\/\/zonaroja.com.mx\/index.php?rest_route=\/wp\/v2\/posts\/53100","targetHints":{"allow":["GET"]}}],"collection":[{"href":"https:\/\/zonaroja.com.mx\/index.php?rest_route=\/wp\/v2\/posts"}],"about":[{"href":"https:\/\/zonaroja.com.mx\/index.php?rest_route=\/wp\/v2\/types\/post"}],"author":[{"embeddable":true,"href":"https:\/\/zonaroja.com.mx\/index.php?rest_route=\/wp\/v2\/users\/2"}],"replies":[{"embeddable":true,"href":"https:\/\/zonaroja.com.mx\/index.php?rest_route=%2Fwp%2Fv2%2Fcomments&post=53100"}],"version-history":[{"count":1,"href":"https:\/\/zonaroja.com.mx\/index.php?rest_route=\/wp\/v2\/posts\/53100\/revisions"}],"predecessor-version":[{"id":53102,"href":"https:\/\/zonaroja.com.mx\/index.php?rest_route=\/wp\/v2\/posts\/53100\/revisions\/53102"}],"wp:featuredmedia":[{"embeddable":true,"href":"https:\/\/zonaroja.com.mx\/index.php?rest_route=\/wp\/v2\/media\/53101"}],"wp:attachment":[{"href":"https:\/\/zonaroja.com.mx\/index.php?rest_route=%2Fwp%2Fv2%2Fmedia&parent=53100"}],"wp:term":[{"taxonomy":"category","embeddable":true,"href":"https:\/\/zonaroja.com.mx\/index.php?rest_route=%2Fwp%2Fv2%2Fcategories&post=53100"},{"taxonomy":"post_tag","embeddable":true,"href":"https:\/\/zonaroja.com.mx\/index.php?rest_route=%2Fwp%2Fv2%2Ftags&post=53100"}],"curies":[{"name":"wp","href":"https:\/\/api.w.org\/{rel}","templated":true}]}}