{"id":53103,"date":"2023-03-22T07:08:50","date_gmt":"2023-03-22T13:08:50","guid":{"rendered":"http:\/\/www.zonaroja.com.mx\/?p=53103"},"modified":"2023-03-22T07:08:52","modified_gmt":"2023-03-22T13:08:52","slug":"estados-unidos-invertira-en-el-corredor-interoceanico-del-istmo","status":"publish","type":"post","link":"https:\/\/zonaroja.com.mx\/?p=53103","title":{"rendered":"Estados Unidos invertir\u00e1 en el Corredor Interoce\u00e1nico del Istmo"},"content":{"rendered":"\n<p>Redacci\u00f3n\/Zona Roja Cdmx.<\/p>\n\n\n\n<p>Ciudad de M\u00e9xico, a 22 de marzo de 2023. &#8211; Estados Unidos confirm\u00f3 que habr\u00e1 inversi\u00f3n estadounidense para la construcci\u00f3n de parques e\u00f3licos en el Corredor Interoce\u00e1nico del Istmo de Tehuantepec (CIIT) y parques solares, como parte del impulso para las energ\u00edas renovables entre ambos pa\u00edses.<\/p>\n\n\n\n<p>Este acuerdo se dio luego de la reuni\u00f3n del Presidente Andr\u00e9s Manuel L\u00f3pez Obrador con John Kerry, enviado especial para el Clima de Estado Unidos.<\/p>\n\n\n\n<p>\u201cDebemos hacerlo de una forma que tenga sentido para el pueblo mexicano y para cumplir tambi\u00e9n con los est\u00e1ndares que ha establecido el presidente L\u00f3pez Obrador\u201d, recalc\u00f3.<\/p>\n\n\n\n<p>Indic\u00f3 que ahora se pas\u00f3 a la etapa en la que se est\u00e1 dialogando con las empresas y las personas que puedan financiar los proyectos y aumentar las capacidades energ\u00e9ticas.<\/p>\n\n\n\n<p>Kerry manifest\u00f3 que el mandatario mexicano est\u00e1 de acuerdo con la participaci\u00f3n estadounidense en los campos e\u00f3licos en el Istmo de Tehuantepec y parques solares.<\/p>\n\n\n\n<p>\u201cTenemos una buena idea de camino a seguir para poder rebajar las emisiones m\u00e1s r\u00e1pidamente y aumentar los objetivos\u201d, dijo en la Base A\u00e9rea Militar n\u00famero 15.<\/p>\n\n\n\n<p>Por su parte, el canciller Marcelo Ebrard adelant\u00f3 que hay 400 empresas que ya anunciaron su instalaci\u00f3n en M\u00e9xico, particularmente en el Corredor Interoce\u00e1nico.<\/p>\n\n\n\n<p>\u201cNosotros llevamos el registro son 400 (empresas) de las cuales el Presidente va a hablar directamente con 26 porque quiere proponerles que se instalen en el sur, no en el norte porque en el norte ya tienen suficiente\u201d, explic\u00f3.<\/p>\n\n\n\n<p>Ebrard destac\u00f3 los acuerdos alcanzados en el encuentro, adem\u00e1s de que se determinar\u00e1n los mecanismos de financiamiento para los proyectos, \u201cyo dir\u00eda que tuvo un buen resultado\u201d, afirm\u00f3.<\/p>\n\n\n\n<p>En tanto, Manuel Bartlett, director general de la Comisi\u00f3n Federal de Electricidad, indic\u00f3 que se reunir\u00e1n en los pr\u00f3ximos meses para supervisar avances.<\/p>\n\n\n\n<p>El embajador de Estados Unidos en M\u00e9xico, Ken Salazar, invit\u00f3 a Bartlett a visitar Washington pr\u00f3ximamente, \u201ccon todo respeto Manuel, lo debemos hacer lo m\u00e1s pronto, en dos o tres meses, porque hay mucho trabajo, que lo analicemos hasta all\u00e1, ojal\u00e1 que tengamos esta reuni\u00f3n, que t\u00fa vengas a Washington y ponemos el plan ya m\u00e1s en acci\u00f3n\u201d.<\/p>\n\n\n\n<p>(Informaci\u00f3n de \u201cEl Heraldo de M\u00e9xico\u201d)<\/p>\n","protected":false},"excerpt":{"rendered":"<p>Redacci\u00f3n\/Zona Roja Cdmx. Ciudad de M\u00e9xico, a 22 de marzo de 2023. &#8211; Estados Unidos&hellip;<\/p>\n","protected":false},"author":2,"featured_media":53104,"comment_status":"closed","ping_status":"open","sticky":false,"template":"","format":"standard","meta":{"_lmt_disableupdate":"","_lmt_disable":"","_jetpack_memberships_contains_paid_content":false,"footnotes":""},"categories":[109,46],"tags":[143,2917],"class_list":["post-53103","post","type-post","status-publish","format-standard","has-post-thumbnail","hentry","category-minuto-a-minuto","category-zona-blanca","tag-andres-manuel-lopez-obrador","tag-corredor-interoceanico-oaxaca"],"jetpack_featured_media_url":"https:\/\/zonaroja.com.mx\/wp-content\/uploads\/2023\/03\/Lopez-Obrador-John-Kerry-Oaxaca-Ken-Salazar.jpeg","jetpack_sharing_enabled":true,"_links":{"self":[{"href":"https:\/\/zonaroja.com.mx\/index.php?rest_route=\/wp\/v2\/posts\/53103","targetHints":{"allow":["GET"]}}],"collection":[{"href":"https:\/\/zonaroja.com.mx\/index.php?rest_route=\/wp\/v2\/posts"}],"about":[{"href":"https:\/\/zonaroja.com.mx\/index.php?rest_route=\/wp\/v2\/types\/post"}],"author":[{"embeddable":true,"href":"https:\/\/zonaroja.com.mx\/index.php?rest_route=\/wp\/v2\/users\/2"}],"replies":[{"embeddable":true,"href":"https:\/\/zonaroja.com.mx\/index.php?rest_route=%2Fwp%2Fv2%2Fcomments&post=53103"}],"version-history":[{"count":1,"href":"https:\/\/zonaroja.com.mx\/index.php?rest_route=\/wp\/v2\/posts\/53103\/revisions"}],"predecessor-version":[{"id":53105,"href":"https:\/\/zonaroja.com.mx\/index.php?rest_route=\/wp\/v2\/posts\/53103\/revisions\/53105"}],"wp:featuredmedia":[{"embeddable":true,"href":"https:\/\/zonaroja.com.mx\/index.php?rest_route=\/wp\/v2\/media\/53104"}],"wp:attachment":[{"href":"https:\/\/zonaroja.com.mx\/index.php?rest_route=%2Fwp%2Fv2%2Fmedia&parent=53103"}],"wp:term":[{"taxonomy":"category","embeddable":true,"href":"https:\/\/zonaroja.com.mx\/index.php?rest_route=%2Fwp%2Fv2%2Fcategories&post=53103"},{"taxonomy":"post_tag","embeddable":true,"href":"https:\/\/zonaroja.com.mx\/index.php?rest_route=%2Fwp%2Fv2%2Ftags&post=53103"}],"curies":[{"name":"wp","href":"https:\/\/api.w.org\/{rel}","templated":true}]}}