{"id":53111,"date":"2023-03-22T12:23:00","date_gmt":"2023-03-22T18:23:00","guid":{"rendered":"http:\/\/www.zonaroja.com.mx\/?p=53111"},"modified":"2023-03-22T07:28:13","modified_gmt":"2023-03-22T13:28:13","slug":"el-ejercito-si-masacro-a-5-jovenes-en-nuevo-laredo-cndh","status":"publish","type":"post","link":"https:\/\/zonaroja.com.mx\/?p=53111","title":{"rendered":"El Ej\u00e9rcito s\u00ed masacr\u00f3 a 5 j\u00f3venes en Nuevo Laredo: CNDH"},"content":{"rendered":"\n<p>Redacci\u00f3n\/Zona Roja Cdmx.<\/p>\n\n\n\n<p>Ciudad de M\u00e9xico, a 22 de marzo de 2023.- La Comisi\u00f3n Nacional de los Derechos Humanos (CNDH) acredit\u00f3 \u201cuso excesivo de la fuerza mediante la utilizaci\u00f3n ileg\u00edtima de armas de fuego\u201d por parte de elementos de la Secretar\u00eda de la Defensa Nacional (Sedena), en los hechos registrados el 26 de febrero pasado, en la colonia Manuel Cavazos Lerma, en Nuevo Laredo, Tamaulipas, donde fallecieron cinco personas y una m\u00e1s result\u00f3 lesionada de gravedad.<\/p>\n\n\n\n<p>Expuso que seg\u00fan las constancias que obran en la indagatoria penal federal, se puede afirmar que en la camioneta particular en la que circulaban las v\u00edctimas, y contra la cual dispararon los militares, no se encontraron armas de fuego; adem\u00e1s, que los veh\u00edculos oficiales no presentaron da\u00f1os producidos por proyectiles de arma y que ning\u00fan militar present\u00f3 lesiones por \u00e9stas.<\/p>\n\n\n\n<p>Asimismo, que todos los integrantes de las fuerzas castrenses involucrados en los hechos manifestaron ante el representante social de la Federaci\u00f3n, que ninguno vio que del auto particular se originaran disparos de arma de fuego.<\/p>\n\n\n\n<p>Lo anterior qued\u00f3 establecido en la recomendaci\u00f3n 95VG\/2023 que la CNDH dirigi\u00f3 al titular de la Sedena, general Luis Cresencio Sandoval Gonz\u00e1lez, por las violaciones graves a los derechos humanos a la vida, a la seguridad jur\u00eddica e integridad personal.<\/p>\n\n\n\n<p>En el documento, la comisi\u00f3n nacional tambi\u00e9n acredita que cuatro personas servidoras p\u00fablicas de la secretar\u00eda no se ajustaron a los criterios establecidos, nacionales e internacionales, sobre el uso de la fuerza y de las armas de fuego, ya que fueron los que dispararon.<\/p>\n\n\n\n<p>Expuso que la camioneta tipo pick-up fue seguida, debido a \u201csospechas\u201d, por 21 elementos de la Sedena que se transportaban en cuatro veh\u00edculos oficiales mientras realizaban recorridos relacionados con la seguridad p\u00fablica.<\/p>\n\n\n\n<p>Pero \u201csin que mediara amenaza real\u201d en contra de la vida de las personas servidoras p\u00fablicas o de terceros, \u201csin emitir previamente comandos de voz, un militar accion\u00f3 su arma de fuego a la parte trasera del veh\u00edculo particular, acci\u00f3n que replicaron tres elementos m\u00e1s para dar apoyo al primer tirador\u201d.<\/p>\n\n\n\n<p>En su recomendaci\u00f3n, la CNDH pidi\u00f3 al secretario Sandoval colaborar en el tr\u00e1mite para la inscripci\u00f3n en el Registro Nacional de V\u00edctimas de las siete personas agraviadas, incluyendo a los integrantes de sus n\u00facleos familiares, a fin de que se proceda a la inmediata reparaci\u00f3n integral del da\u00f1o.<\/p>\n\n\n\n<p>Tambi\u00e9n se le solicita que colabore ampliamente en la integraci\u00f3n de la causa penal uno y en el proceso penal derivado de las carpetas de investigaci\u00f3n, a fin de que se investiguen y determinen las responsabilidades en materia penal de los cuatro castrenses se\u00f1alados como responsables y dem\u00e1s personal militar que la autoridad jurisdiccional y ministerial, en cada caso, determinen.<\/p>\n\n\n\n<p>(Informaci\u00f3n de \u201cLa Jornada\u201d)<\/p>\n","protected":false},"excerpt":{"rendered":"<p>Redacci\u00f3n\/Zona Roja Cdmx. Ciudad de M\u00e9xico, a 22 de marzo de 2023.- La Comisi\u00f3n Nacional&hellip;<\/p>\n","protected":false},"author":2,"featured_media":52278,"comment_status":"closed","ping_status":"open","sticky":false,"template":"","format":"standard","meta":{"_lmt_disableupdate":"","_lmt_disable":"","_jetpack_memberships_contains_paid_content":false,"footnotes":""},"categories":[109,47],"tags":[2771],"class_list":["post-53111","post","type-post","status-publish","format-standard","has-post-thumbnail","hentry","category-minuto-a-minuto","category-zona-gris","tag-masacre-tamaulipas"],"jetpack_featured_media_url":"https:\/\/zonaroja.com.mx\/wp-content\/uploads\/2023\/03\/Matanza-Ejercito-Nuevo-Laredo.webp","jetpack_sharing_enabled":true,"_links":{"self":[{"href":"https:\/\/zonaroja.com.mx\/index.php?rest_route=\/wp\/v2\/posts\/53111","targetHints":{"allow":["GET"]}}],"collection":[{"href":"https:\/\/zonaroja.com.mx\/index.php?rest_route=\/wp\/v2\/posts"}],"about":[{"href":"https:\/\/zonaroja.com.mx\/index.php?rest_route=\/wp\/v2\/types\/post"}],"author":[{"embeddable":true,"href":"https:\/\/zonaroja.com.mx\/index.php?rest_route=\/wp\/v2\/users\/2"}],"replies":[{"embeddable":true,"href":"https:\/\/zonaroja.com.mx\/index.php?rest_route=%2Fwp%2Fv2%2Fcomments&post=53111"}],"version-history":[{"count":1,"href":"https:\/\/zonaroja.com.mx\/index.php?rest_route=\/wp\/v2\/posts\/53111\/revisions"}],"predecessor-version":[{"id":53112,"href":"https:\/\/zonaroja.com.mx\/index.php?rest_route=\/wp\/v2\/posts\/53111\/revisions\/53112"}],"wp:featuredmedia":[{"embeddable":true,"href":"https:\/\/zonaroja.com.mx\/index.php?rest_route=\/wp\/v2\/media\/52278"}],"wp:attachment":[{"href":"https:\/\/zonaroja.com.mx\/index.php?rest_route=%2Fwp%2Fv2%2Fmedia&parent=53111"}],"wp:term":[{"taxonomy":"category","embeddable":true,"href":"https:\/\/zonaroja.com.mx\/index.php?rest_route=%2Fwp%2Fv2%2Fcategories&post=53111"},{"taxonomy":"post_tag","embeddable":true,"href":"https:\/\/zonaroja.com.mx\/index.php?rest_route=%2Fwp%2Fv2%2Ftags&post=53111"}],"curies":[{"name":"wp","href":"https:\/\/api.w.org\/{rel}","templated":true}]}}