{"id":53113,"date":"2023-03-22T08:28:00","date_gmt":"2023-03-22T14:28:00","guid":{"rendered":"http:\/\/www.zonaroja.com.mx\/?p=53113"},"modified":"2023-03-22T08:01:06","modified_gmt":"2023-03-22T14:01:06","slug":"cede-el-ieepo-dara-plazas-sin-examen-apoyos-a-normalistas-y-perdon-a-vandalismo","status":"publish","type":"post","link":"https:\/\/zonaroja.com.mx\/?p=53113","title":{"rendered":"Cede el IEEPO: dar\u00e1 plazas sin examen, apoyos a normalistas\u2026 y perd\u00f3n a vandalismo"},"content":{"rendered":"\n<p>Ismael Garc\u00eda M.\/Zona Roja.<\/p>\n\n\n\n<p>Oaxaca de Ju\u00e1rez, Oax., a 22 de marzo de 2022.- El director del IEEPO, Emilio Montero P\u00e9rez, cedi\u00f3 a las exigencias de los normalistas, a\u00fan por encima de la ley educativa federal, y adem\u00e1s perdonar\u00e1 el vandalismo que han cometido a lo largo de mes y medio.<\/p>\n\n\n\n<p>\u201cEl Instituto Estatal de Educaci\u00f3n P\u00fablica de Oaxaca (IEEPO) refrenda su compromiso por el respeto a las manifestaciones estudiantiles en las que se externan sus demandas educativas, sin recurrir a la persecuci\u00f3n pol\u00edtica, en ese orden expresa su compromiso para atender los planteamientos de la CENEO exclusivamente en los espacios de di\u00e1logo y construcci\u00f3n de acuerdos, desistiendo de cualquier acci\u00f3n penal a cualquier integrante de la CENEO\u201d, detalla el segundo punto del acuerdo firmado 11 de marzo y ratificado el d\u00eda 17 de marzo.<\/p>\n\n\n\n<p>La minuta fue signada por ambas partes en el inmueble del IEEPO ubicado en la calle Catalina, en la agencia de San Felipe del Agua, ciudad de Oaxaca, donde por esas mismas fechas los normalistas vandalizaron las puertas.<\/p>\n\n\n\n<p>Para el pr\u00f3ximo 27 de marzo se reprogram\u00f3 la reuni\u00f3n de la Unidad de Educaci\u00f3n Normal y Formaci\u00f3n de Docentes, en coordinaci\u00f3n con el colegio de directores y secretarios generales, para afinar detalles.<\/p>\n\n\n\n<p>Entre otros puntos, el IEEPO acept\u00f3 que respetar\u00e1 los acuerdos establecidos entre los comit\u00e9s y\/o consejos estudiantiles de cada Escuela Normal, con sus respectivos directivos, en lo relativo al n\u00famero de estudiantes a participar en los trabajos del codise\u00f1o curricular del plan y programas de estudio 2022.<\/p>\n\n\n\n<p>\u201cCon relaci\u00f3n a los materiales educativos acordados entre el IEEPO y la CENEO (Coordinadora Estudiantil Normalista del Estado de Oaxaca) para cada una de las licenciaturas impartidas en las diez Escuelas Normales P\u00fablicas del Estado de Oaxaca, cuyos estudiantes normalistas se encuentran adheridos a la CENEO, el Instituto Estatal de Educaci\u00f3n P\u00fablica de Oaxaca (IEEPO), de conformidad con las leyes federales y estatales que norman los procedimientos de adquisici\u00f3n, se iniciar\u00e1 con la licitaci\u00f3n del 21 al 31 del mes actual.<\/p>\n\n\n\n<p>\u201cPosteriormente se continuar\u00e1 con el proceso de adquisiciones del 3 al 29 de abril pr\u00f3ximo; enseguida se llevar\u00e1 a cabo la recepci\u00f3n de los materiales del 1 al 5 de mayo pr\u00f3ximo; con posterioridad del 8 al 9 de mayo se armar\u00e1n los paquetes por alumno; de esta manera la entrega a cada comit\u00e9 y\/o consejo estudiantil en conjunto con una representaci\u00f3n de cuarto a\u00f1o, se realizar\u00e1 del 10 al 12 de mayo en el almac\u00e9n del IEEPO ubicado en Viguera para su posterior traslado a cada escuela normal, es oportuno destacar que la entrega de los materiales se encuentra supeditada a la responsabilidad de los proveedores que resulten adjudicados\u201d, se\u00f1ala el acuerdo.<\/p>\n\n\n\n<p>Con ello, se desactivan las movilizaciones de la CENEO, que aglutina a estudiantes de las 11 Escuelas Normales del estado.<\/p>\n\n\n\n<p>En tanto, ante el amago de la Secci\u00f3n 22 del SNTE de arreciar protestas y su respaldo a los egresados normalistas, esta semana se concretar\u00e1 el acuerdo para el otorgamiento de m\u00e1s de 800 plazas de docentes.<\/p>\n\n\n\n<p>Los aspirantes a maestros arribaron la tarde del 28 de enero al centro de la ciudad de Oaxaca y se instalaron en campamento en las calles Armenta y L\u00f3pez y Guerrero.<\/p>\n\n\n\n<p>Desde ah\u00ed desde hace m\u00e1s de mes y medio se han movilizado para cometer diversos actos vand\u00e1licos, que han incluido destrozos en dos ocasiones al Palacio de Gobierno, adem\u00e1s de \u201ctoma\u201d continua de autobuses del transporte urbano con los cuales han bloqueado calles e inmuebles p\u00fablicos, sin que se les aplique la ley.<\/p>\n","protected":false},"excerpt":{"rendered":"<p>Ismael Garc\u00eda M.\/Zona Roja. Oaxaca de Ju\u00e1rez, Oax., a 22 de marzo de 2022.- El&hellip;<\/p>\n","protected":false},"author":2,"featured_media":53114,"comment_status":"closed","ping_status":"open","sticky":false,"template":"","format":"standard","meta":{"_lmt_disableupdate":"","_lmt_disable":"","_jetpack_memberships_contains_paid_content":false,"footnotes":""},"categories":[109,47],"tags":[1926,2837],"class_list":["post-53113","post","type-post","status-publish","format-standard","has-post-thumbnail","hentry","category-minuto-a-minuto","category-zona-gris","tag-coordinadora-estudiantil-normalista-del-estado-de-oaxaca-ceneo","tag-instituto-estatal-de-educacion-publica-de-oaxaca-ieepo"],"jetpack_featured_media_url":"https:\/\/zonaroja.com.mx\/wp-content\/uploads\/2023\/03\/Acuerdos-IEEPO-y-normalistas.jpg","jetpack_sharing_enabled":true,"_links":{"self":[{"href":"https:\/\/zonaroja.com.mx\/index.php?rest_route=\/wp\/v2\/posts\/53113","targetHints":{"allow":["GET"]}}],"collection":[{"href":"https:\/\/zonaroja.com.mx\/index.php?rest_route=\/wp\/v2\/posts"}],"about":[{"href":"https:\/\/zonaroja.com.mx\/index.php?rest_route=\/wp\/v2\/types\/post"}],"author":[{"embeddable":true,"href":"https:\/\/zonaroja.com.mx\/index.php?rest_route=\/wp\/v2\/users\/2"}],"replies":[{"embeddable":true,"href":"https:\/\/zonaroja.com.mx\/index.php?rest_route=%2Fwp%2Fv2%2Fcomments&post=53113"}],"version-history":[{"count":1,"href":"https:\/\/zonaroja.com.mx\/index.php?rest_route=\/wp\/v2\/posts\/53113\/revisions"}],"predecessor-version":[{"id":53115,"href":"https:\/\/zonaroja.com.mx\/index.php?rest_route=\/wp\/v2\/posts\/53113\/revisions\/53115"}],"wp:featuredmedia":[{"embeddable":true,"href":"https:\/\/zonaroja.com.mx\/index.php?rest_route=\/wp\/v2\/media\/53114"}],"wp:attachment":[{"href":"https:\/\/zonaroja.com.mx\/index.php?rest_route=%2Fwp%2Fv2%2Fmedia&parent=53113"}],"wp:term":[{"taxonomy":"category","embeddable":true,"href":"https:\/\/zonaroja.com.mx\/index.php?rest_route=%2Fwp%2Fv2%2Fcategories&post=53113"},{"taxonomy":"post_tag","embeddable":true,"href":"https:\/\/zonaroja.com.mx\/index.php?rest_route=%2Fwp%2Fv2%2Ftags&post=53113"}],"curies":[{"name":"wp","href":"https:\/\/api.w.org\/{rel}","templated":true}]}}