{"id":53118,"date":"2023-03-22T15:09:36","date_gmt":"2023-03-22T21:09:36","guid":{"rendered":"http:\/\/www.zonaroja.com.mx\/?p=53118"},"modified":"2023-03-22T22:12:15","modified_gmt":"2023-03-23T04:12:15","slug":"mientras-oaxaca-recibe-a-gobernadores-del-pais-y-concentra-policias-ejecutan-a-tres","status":"publish","type":"post","link":"https:\/\/zonaroja.com.mx\/?p=53118","title":{"rendered":"Mientras Oaxaca recibe a gobernadores del pa\u00eds y concentra polic\u00edas, ejecutan a tres"},"content":{"rendered":"\n<p>Ismael Garc\u00eda M.\/Zona Roja.<\/p>\n\n\n\n<p>Oaxaca de Ju\u00e1rez, Oax., a 22 de marzo de 2023.- En el marco de la reuni\u00f3n de gobernadores del pa\u00eds en Oaxaca y de un encuentro sobre seguridad nacional, tres personas han sido ejecutadas a balazos este mi\u00e9rcoles.&nbsp;<\/p>\n\n\n\n<p>En el municipio de Mat\u00edas Romero Avenda\u00f1o fueron ultimadas dos personas del sexo masculino, una de ellas alrededor de las 14:00 horas.&nbsp;<\/p>\n\n\n\n<p>El otro caso ocurri\u00f3 a eso del mediod\u00eda en la calle Hombres Ilustres esquina con Ejido, en que fue ejecutado un individuo identificado como Daniel F., presuntamente due\u00f1o de un taller de reparaci\u00f3n de sistemas de calefacci\u00f3n. <\/p>\n\n\n\n<p>Mientras que durante la ma\u00f1ana de hoy en Santiago Amoltepec, municipio de la regi\u00f3n Sierra Sur, fue asesinado a balazos un profesor.&nbsp;<\/p>\n\n\n\n<p>La v\u00edctima fue identificada como Omar T. J., fue atacado a bordo de su veh\u00edculo y su cuerpo presenta varios impactos de bala de grueso calibre.<\/p>\n\n\n\n<p>El cad\u00e1ver fue hallado a la altura el paraje \u201cLoma de la Cruz\u201c y se desconoce qui\u00e9n o qui\u00e9nes fueron los agresores. <\/p>\n\n\n\n<p>En tanto, la Fiscal\u00eda General del Estado de Oaxaca inform\u00f3 que dio inicio a las carpetas de investigaci\u00f3n correspondientes. <\/p>\n","protected":false},"excerpt":{"rendered":"<p>Ismael Garc\u00eda M.\/Zona Roja. Oaxaca de Ju\u00e1rez, Oax., a 22 de marzo de 2023.- En&hellip;<\/p>\n","protected":false},"author":2,"featured_media":53117,"comment_status":"closed","ping_status":"open","sticky":false,"template":"","format":"standard","meta":{"_lmt_disableupdate":"","_lmt_disable":"","_jetpack_memberships_contains_paid_content":false,"footnotes":""},"categories":[109,51],"tags":[228,860],"class_list":["post-53118","post","type-post","status-publish","format-standard","has-post-thumbnail","hentry","category-minuto-a-minuto","category-zona-roja","tag-matias-romero-avendano","tag-santiago-amoltepec"],"jetpack_featured_media_url":"https:\/\/zonaroja.com.mx\/wp-content\/uploads\/2023\/03\/img_5510.jpg","jetpack_sharing_enabled":true,"_links":{"self":[{"href":"https:\/\/zonaroja.com.mx\/index.php?rest_route=\/wp\/v2\/posts\/53118","targetHints":{"allow":["GET"]}}],"collection":[{"href":"https:\/\/zonaroja.com.mx\/index.php?rest_route=\/wp\/v2\/posts"}],"about":[{"href":"https:\/\/zonaroja.com.mx\/index.php?rest_route=\/wp\/v2\/types\/post"}],"author":[{"embeddable":true,"href":"https:\/\/zonaroja.com.mx\/index.php?rest_route=\/wp\/v2\/users\/2"}],"replies":[{"embeddable":true,"href":"https:\/\/zonaroja.com.mx\/index.php?rest_route=%2Fwp%2Fv2%2Fcomments&post=53118"}],"version-history":[{"count":1,"href":"https:\/\/zonaroja.com.mx\/index.php?rest_route=\/wp\/v2\/posts\/53118\/revisions"}],"predecessor-version":[{"id":53119,"href":"https:\/\/zonaroja.com.mx\/index.php?rest_route=\/wp\/v2\/posts\/53118\/revisions\/53119"}],"wp:featuredmedia":[{"embeddable":true,"href":"https:\/\/zonaroja.com.mx\/index.php?rest_route=\/wp\/v2\/media\/53117"}],"wp:attachment":[{"href":"https:\/\/zonaroja.com.mx\/index.php?rest_route=%2Fwp%2Fv2%2Fmedia&parent=53118"}],"wp:term":[{"taxonomy":"category","embeddable":true,"href":"https:\/\/zonaroja.com.mx\/index.php?rest_route=%2Fwp%2Fv2%2Fcategories&post=53118"},{"taxonomy":"post_tag","embeddable":true,"href":"https:\/\/zonaroja.com.mx\/index.php?rest_route=%2Fwp%2Fv2%2Ftags&post=53118"}],"curies":[{"name":"wp","href":"https:\/\/api.w.org\/{rel}","templated":true}]}}