{"id":53121,"date":"2023-03-22T18:13:21","date_gmt":"2023-03-23T00:13:21","guid":{"rendered":"http:\/\/www.zonaroja.com.mx\/?p=53121"},"modified":"2023-03-22T22:10:56","modified_gmt":"2023-03-23T04:10:56","slug":"surge-union-de-ediles-nuu-savi-de-la-mixteca-para-exigir-atencion-ante-olvido-institucional","status":"publish","type":"post","link":"https:\/\/zonaroja.com.mx\/?p=53121","title":{"rendered":"Surge Uni\u00f3n de ediles \u201c\u00d1uu Savi\u201d de la Mixteca, para exigir atenci\u00f3n ante olvido institucional"},"content":{"rendered":"\n<p><\/p>\n\n\n\n<p>Yuridiana Sosa\/Zona Roja.<\/p>\n\n\n\n<p>Oaxaca de Ju\u00e1rez, Oax., a 22 de marzo de 2023.- Para demandar atenci\u00f3n de los gobiernos estatal y federal, autoridades de los municipios de Santos Reyes Tepejillo, San Mart\u00edn Itunyoso, San Juan Mixtepec y Tezoatl\u00e1n de Segura y Luna, de la regi\u00f3n Mixteca, integraron la Uni\u00f3n de Presidentes Municipales \u201c\u00d1uu Savi\u201d.<\/p>\n\n\n\n<p>Los representantes de los pueblos ind\u00edgenas se\u00f1alaron, en conferencia de prensa, la falta de infraestructura en caminos, seguridad p\u00fablica y demandas sociales, por lo que ahora que el gobernador Salom\u00f3n Jara promete un gobierno \u201cde territorio\u201d, lo exhortaron a verificar las necesidades de sus municipios.<\/p>\n\n\n\n<p>Las autoridades apuntaron que esta uni\u00f3n no es de car\u00e1cter pol\u00edtico, s\u00f3lo buscan el apoyo a las necesidades que por varias d\u00e9cadas se han quedado sin atender pese a las m\u00faltiples peticiones, lo que provoca que en sus comunidades la poblaci\u00f3n siga sufriendo.<\/p>\n\n\n\n<p>El presidente de San Juan Mixtepec y de la Uni\u00f3n, Bernardo Ram\u00edrez Bautista, se\u00f1al\u00f3 que entre las principales demandas se encuentra la conclusi\u00f3n del camino que comunica a estos municipios y que servir\u00eda como v\u00eda r\u00e1pida para conectar a Tlaxiaco con Putla, la cual est\u00e1 abandonada desde hace casi 20 a\u00f1os.<\/p>\n\n\n\n<p>Debido a que esta v\u00eda cuenta con diversas entradas, la poblaci\u00f3n demanda vigilancia permanente, pues por el sitio no s\u00f3lo transitan personas de sus comunidades, tambi\u00e9n hay circulaci\u00f3n for\u00e1nea.<\/p>\n\n\n\n<figure class=\"wp-block-embed is-type-rich is-provider-twitter wp-block-embed-twitter\"><div class=\"wp-block-embed__wrapper\">\n<div class=\"twitter-tweet\"><blockquote class=\"twitter-tweet\" data-lang=\"es\"><p lang=\"es\" dir=\"ltr\"><a href=\"https:\/\/twitter.com\/hashtag\/ENVIVO?src=hash&amp;ref_src=twsrc%5Etfw\">#ENVIVO<\/a><br>Oaxaca de Ju\u00e1rez, Oax., a 22 de marzo de 2023.- Conferencia de prensa de autoridades municipales de Tepejillo, San Mart\u00edn Itunyoso y San Juan Mixtepec, de la regi\u00f3n de la Mixteca, sobre demandas de caminos, seguridad y sociales.<br><br>Transmisi\u00f3n \ud83d\udc47<a href=\"https:\/\/t.co\/YDeqbijDP5\">https:\/\/t.co\/YDeqbijDP5<\/a> <a href=\"https:\/\/t.co\/ZTE8nzAV7K\">pic.twitter.com\/ZTE8nzAV7K<\/a><\/p>&mdash; Zona Roja Oaxaca (@ZonaRoja_Oaxaca) <a href=\"https:\/\/twitter.com\/ZonaRoja_Oaxaca\/status\/1638596695205494784?ref_src=twsrc%5Etfw\">22 de marzo de 2023<\/a><\/blockquote><\/div>\n<\/div><\/figure>\n\n\n\n<p>En el caso particular de San Juan Mixtepec, se\u00f1al\u00f3 que algunas de las demandas principales son el centro de salud ampliado que se construy\u00f3 hace 13 a\u00f1os pero que nunca se puso en operaciones y la carretera a Juxtlahuaca requiere mantenimiento.<\/p>\n\n\n\n<p>Por su parte, el edil de San Mart\u00edn Itunyoso, de la zona triqui, Santiago Miguel L\u00f3pez, apunt\u00f3 que por varios a\u00f1os los diferentes presidentes municipales han buscado ayuda de los gobiernos sin obtener respuestas.<\/p>\n\n\n\n<p>Su poblaci\u00f3n, dijo, tambi\u00e9n requiere de mejoras en la atenci\u00f3n m\u00e9dica, pues el centro de salud no tiene m\u00e9dicos.&nbsp;<\/p>\n\n\n\n<p>Mientras que el presidente de Santos Reyes Tepejillo, Melchor L\u00f3pez, mostr\u00f3 su confianza para el actual gobierno, en quien espera un aliado para que el gobierno federal voltee la mirada a sus municipios.<\/p>\n\n\n\n<p>&nbsp;En su caso, espera que el gobierno de Jara Cruz le ayude a gestionar la construcci\u00f3n de un banco de Bienestar para Tepejillo, pues no calific\u00f3 en un primer intento, lo que representa que sus adultos mayores y personas con discapacidad, y otras personas beneficiarias, tengan que viajar hasta tres horas para ir a cobrar sus programas a municipios cercanos.<\/p>\n\n\n\n<p> <\/p>\n","protected":false},"excerpt":{"rendered":"<p>Yuridiana Sosa\/Zona Roja. Oaxaca de Ju\u00e1rez, Oax., a 22 de marzo de 2023.- Para demandar&hellip;<\/p>\n","protected":false},"author":2,"featured_media":53120,"comment_status":"closed","ping_status":"open","sticky":false,"template":"","format":"standard","meta":{"_lmt_disableupdate":"","_lmt_disable":"","_jetpack_memberships_contains_paid_content":false,"footnotes":""},"categories":[1,47],"tags":[3480],"class_list":["post-53121","post","type-post","status-publish","format-standard","has-post-thumbnail","hentry","category-sin-categoria","category-zona-gris","tag-presidentes-municipales-nuu-savi"],"jetpack_featured_media_url":"https:\/\/zonaroja.com.mx\/wp-content\/uploads\/2023\/03\/0326e251-edb4-41dd-9482-bd3845926e72.jpg","jetpack_sharing_enabled":true,"_links":{"self":[{"href":"https:\/\/zonaroja.com.mx\/index.php?rest_route=\/wp\/v2\/posts\/53121","targetHints":{"allow":["GET"]}}],"collection":[{"href":"https:\/\/zonaroja.com.mx\/index.php?rest_route=\/wp\/v2\/posts"}],"about":[{"href":"https:\/\/zonaroja.com.mx\/index.php?rest_route=\/wp\/v2\/types\/post"}],"author":[{"embeddable":true,"href":"https:\/\/zonaroja.com.mx\/index.php?rest_route=\/wp\/v2\/users\/2"}],"replies":[{"embeddable":true,"href":"https:\/\/zonaroja.com.mx\/index.php?rest_route=%2Fwp%2Fv2%2Fcomments&post=53121"}],"version-history":[{"count":2,"href":"https:\/\/zonaroja.com.mx\/index.php?rest_route=\/wp\/v2\/posts\/53121\/revisions"}],"predecessor-version":[{"id":53131,"href":"https:\/\/zonaroja.com.mx\/index.php?rest_route=\/wp\/v2\/posts\/53121\/revisions\/53131"}],"wp:featuredmedia":[{"embeddable":true,"href":"https:\/\/zonaroja.com.mx\/index.php?rest_route=\/wp\/v2\/media\/53120"}],"wp:attachment":[{"href":"https:\/\/zonaroja.com.mx\/index.php?rest_route=%2Fwp%2Fv2%2Fmedia&parent=53121"}],"wp:term":[{"taxonomy":"category","embeddable":true,"href":"https:\/\/zonaroja.com.mx\/index.php?rest_route=%2Fwp%2Fv2%2Fcategories&post=53121"},{"taxonomy":"post_tag","embeddable":true,"href":"https:\/\/zonaroja.com.mx\/index.php?rest_route=%2Fwp%2Fv2%2Ftags&post=53121"}],"curies":[{"name":"wp","href":"https:\/\/api.w.org\/{rel}","templated":true}]}}