{"id":53123,"date":"2023-03-22T19:49:33","date_gmt":"2023-03-23T01:49:33","guid":{"rendered":"http:\/\/www.zonaroja.com.mx\/?p=53123"},"modified":"2023-03-22T19:49:36","modified_gmt":"2023-03-23T01:49:36","slug":"ahora-artesanos-se-manifestaron-contra-neri-por-dar-preferencia-a-ambulantes","status":"publish","type":"post","link":"https:\/\/zonaroja.com.mx\/?p=53123","title":{"rendered":"Ahora artesanos se manifestaron contra Neri, por dar preferencia a ambulantes"},"content":{"rendered":"\n<p>Yuridiana Sosa\/ Zona Roja.<\/p>\n\n\n\n<p>Oaxaca de Ju\u00e1rez, Oax., a 22 de marzo de 2022.- Las estrategias para la asignaci\u00f3n de espacios p\u00fablicos para comercializar de parte del ayuntamiento de Oaxaca de Ju\u00e1rez siguen causando protestas contra el gobierno local, que ahora se gan\u00f3 la inconformidad del sector artesanal de la entidad.<\/p>\n\n\n\n<p>Al grito de \u201crespeto\u201d y \u201c Neri, responde, un presidente no se esconde\u201d, artesanos y artesanas de las diferentes regiones que participan en la expoventa con motivo de la Semana Santa, se manifestaron en palacio municipal para exigir un di\u00e1logo directo con el edil Francisco Mart\u00ednez Neri.&nbsp;<\/p>\n\n\n\n<p>Los afectados, integrantes de la Asociaci\u00f3n de Artesanos de Oaxaca, denunciaron que el gobierno municipal les redujo el n\u00famero de espacios para comercializar sus artesan\u00edas, y da preferencia a otras personas, presuntamente vendedores ambulantes adheridos a alguna organizaci\u00f3n.<\/p>\n\n\n\n<p>Apuntaron que por varios a\u00f1os las familias artesanas han trabajado para mantener sus espacios en cada actividad, sin embargo, la administraci\u00f3n municipal solo les autoriza 70 lugares para los 150 talleres que representan.<\/p>\n\n\n\n<p>Esta situaci\u00f3n encendi\u00f3 el enojo de las mujeres y hombres artesanos, quienes con cartulinas y consignas llegaron al inmueble municipal y se adentraron a las oficinas de la presidencia.&nbsp;<\/p>\n\n\n\n<p>El grupo fue recibido por un funcionario de segundo nivel, que ofreci\u00f3 iniciar un di\u00e1logo ante la ausencia de Mart\u00ednez Neri, pero los artesanos lo rechazaron e insistieron en buscar al edil para que personalmente los atendiera.\u00a0<\/p>\n\n\n\n<figure class=\"wp-block-embed is-type-rich is-provider-twitter wp-block-embed-twitter\"><div class=\"wp-block-embed__wrapper\">\n<div class=\"twitter-tweet\"><blockquote class=\"twitter-tweet\" data-lang=\"es\"><p lang=\"es\" dir=\"ltr\"><a href=\"https:\/\/twitter.com\/hashtag\/%C3%9AltimoMinuto?src=hash&amp;ref_src=twsrc%5Etfw\">#\u00daltimoMinuto<\/a><br>No cesan los conflictos en el <a href=\"https:\/\/twitter.com\/MunicipioOaxaca?ref_src=twsrc%5Etfw\">@MunicipioOaxaca<\/a> y ahora artesanos protestan en el palacio municipal; buscan al edil <a href=\"https:\/\/twitter.com\/FMartinezNeri?ref_src=twsrc%5Etfw\">@FMartinezNeri<\/a> para dialogar. <a href=\"https:\/\/t.co\/dJk6K3x8YV\">pic.twitter.com\/dJk6K3x8YV<\/a><\/p>&mdash; Zona Roja Oaxaca (@ZonaRoja_Oaxaca) <a href=\"https:\/\/twitter.com\/ZonaRoja_Oaxaca\/status\/1638615139795476498?ref_src=twsrc%5Etfw\">22 de marzo de 2023<\/a><\/blockquote><\/div>\n<\/div><\/figure>\n","protected":false},"excerpt":{"rendered":"<p>Yuridiana Sosa\/ Zona Roja. Oaxaca de Ju\u00e1rez, Oax., a 22 de marzo de 2022.- Las&hellip;<\/p>\n","protected":false},"author":2,"featured_media":53124,"comment_status":"closed","ping_status":"open","sticky":false,"template":"","format":"standard","meta":{"_lmt_disableupdate":"","_lmt_disable":"","_jetpack_memberships_contains_paid_content":false,"footnotes":""},"categories":[109,47],"tags":[2418],"class_list":["post-53123","post","type-post","status-publish","format-standard","has-post-thumbnail","hentry","category-minuto-a-minuto","category-zona-gris","tag-francisco-martinez-neri"],"jetpack_featured_media_url":"https:\/\/zonaroja.com.mx\/wp-content\/uploads\/2023\/03\/Protesta-artesanos-palacio-municipal-Oaxaca.jpg","jetpack_sharing_enabled":true,"_links":{"self":[{"href":"https:\/\/zonaroja.com.mx\/index.php?rest_route=\/wp\/v2\/posts\/53123","targetHints":{"allow":["GET"]}}],"collection":[{"href":"https:\/\/zonaroja.com.mx\/index.php?rest_route=\/wp\/v2\/posts"}],"about":[{"href":"https:\/\/zonaroja.com.mx\/index.php?rest_route=\/wp\/v2\/types\/post"}],"author":[{"embeddable":true,"href":"https:\/\/zonaroja.com.mx\/index.php?rest_route=\/wp\/v2\/users\/2"}],"replies":[{"embeddable":true,"href":"https:\/\/zonaroja.com.mx\/index.php?rest_route=%2Fwp%2Fv2%2Fcomments&post=53123"}],"version-history":[{"count":1,"href":"https:\/\/zonaroja.com.mx\/index.php?rest_route=\/wp\/v2\/posts\/53123\/revisions"}],"predecessor-version":[{"id":53125,"href":"https:\/\/zonaroja.com.mx\/index.php?rest_route=\/wp\/v2\/posts\/53123\/revisions\/53125"}],"wp:featuredmedia":[{"embeddable":true,"href":"https:\/\/zonaroja.com.mx\/index.php?rest_route=\/wp\/v2\/media\/53124"}],"wp:attachment":[{"href":"https:\/\/zonaroja.com.mx\/index.php?rest_route=%2Fwp%2Fv2%2Fmedia&parent=53123"}],"wp:term":[{"taxonomy":"category","embeddable":true,"href":"https:\/\/zonaroja.com.mx\/index.php?rest_route=%2Fwp%2Fv2%2Fcategories&post=53123"},{"taxonomy":"post_tag","embeddable":true,"href":"https:\/\/zonaroja.com.mx\/index.php?rest_route=%2Fwp%2Fv2%2Ftags&post=53123"}],"curies":[{"name":"wp","href":"https:\/\/api.w.org\/{rel}","templated":true}]}}