{"id":53128,"date":"2023-03-22T22:00:41","date_gmt":"2023-03-23T04:00:41","guid":{"rendered":"http:\/\/www.zonaroja.com.mx\/?p=53128"},"modified":"2023-03-22T22:00:46","modified_gmt":"2023-03-23T04:00:46","slug":"cuarto-ejecutado-en-el-dia-que-el-pais-estuvo-representado-en-oaxaca","status":"publish","type":"post","link":"https:\/\/zonaroja.com.mx\/?p=53128","title":{"rendered":"Cuarto ejecutado, en el d\u00eda que el pa\u00eds estuvo representado en Oaxaca"},"content":{"rendered":"\n<p>Ismael Garc\u00eda M.\/Zona Roja.<\/p>\n\n\n\n<p>Oaxaca de Ju\u00e1rez, Oax., a 22 de marzo de 2023.- En el d\u00eda que Oaxaca concentr\u00f3 a todos los gobernadores del pa\u00eds y a los secretarios de Gobernaci\u00f3n, Seguridad, Marina y Defensa Nacional, cuatro personas han sido asesinadas.<\/p>\n\n\n\n<p>Esta tarde se confirm\u00f3 la cuarta ejecuci\u00f3n del mi\u00e9rcoles, en la localidad de Taniche, Ejutla de Crespo, municipio de la regi\u00f3n Valles Centrales.<\/p>\n\n\n\n<p>La v\u00edctima fue identificada como Her\u00f3n P. E., quien fue ultimado a balazos mientras conduc\u00eda su unidad de motor marcha Chevrolet, color gris, de reciente modelo.<\/p>\n\n\n\n<p>De acuerdo con fuentes hemerogr\u00e1ficas, en agosto del a\u00f1o pasado, Pedro P. E., el hermano del hoy occiso, fue atacado tambi\u00e9n a balazos, aunque logr\u00f3 salvar su vida.<\/p>\n\n\n\n<p>Personal de la Fiscal\u00eda General del Estado de Oaxaca acudi\u00f3 a iniciar las indagatorias correspondientes.<\/p>\n\n\n\n<p>Por la ma\u00f1ana, un profesor fue ultimado a balazos en el municipio de Santiago Amoltepec y dos personas m\u00e1s fueron asesinadas, en distintos hechos, en el municipio de Mat\u00edas Romero Avenda\u00f1o.<\/p>\n","protected":false},"excerpt":{"rendered":"<p>Ismael Garc\u00eda M.\/Zona Roja. Oaxaca de Ju\u00e1rez, Oax., a 22 de marzo de 2023.- En&hellip;<\/p>\n","protected":false},"author":2,"featured_media":53129,"comment_status":"closed","ping_status":"open","sticky":false,"template":"","format":"standard","meta":{"_lmt_disableupdate":"","_lmt_disable":"","_jetpack_memberships_contains_paid_content":false,"footnotes":""},"categories":[109,47],"tags":[702],"class_list":["post-53128","post","type-post","status-publish","format-standard","has-post-thumbnail","hentry","category-minuto-a-minuto","category-zona-gris","tag-ejutla-de-crespo"],"jetpack_featured_media_url":"https:\/\/zonaroja.com.mx\/wp-content\/uploads\/2023\/03\/Ejecutado-en-Ejutla-de-Crespo-Taniche.jpeg","jetpack_sharing_enabled":true,"_links":{"self":[{"href":"https:\/\/zonaroja.com.mx\/index.php?rest_route=\/wp\/v2\/posts\/53128","targetHints":{"allow":["GET"]}}],"collection":[{"href":"https:\/\/zonaroja.com.mx\/index.php?rest_route=\/wp\/v2\/posts"}],"about":[{"href":"https:\/\/zonaroja.com.mx\/index.php?rest_route=\/wp\/v2\/types\/post"}],"author":[{"embeddable":true,"href":"https:\/\/zonaroja.com.mx\/index.php?rest_route=\/wp\/v2\/users\/2"}],"replies":[{"embeddable":true,"href":"https:\/\/zonaroja.com.mx\/index.php?rest_route=%2Fwp%2Fv2%2Fcomments&post=53128"}],"version-history":[{"count":1,"href":"https:\/\/zonaroja.com.mx\/index.php?rest_route=\/wp\/v2\/posts\/53128\/revisions"}],"predecessor-version":[{"id":53130,"href":"https:\/\/zonaroja.com.mx\/index.php?rest_route=\/wp\/v2\/posts\/53128\/revisions\/53130"}],"wp:featuredmedia":[{"embeddable":true,"href":"https:\/\/zonaroja.com.mx\/index.php?rest_route=\/wp\/v2\/media\/53129"}],"wp:attachment":[{"href":"https:\/\/zonaroja.com.mx\/index.php?rest_route=%2Fwp%2Fv2%2Fmedia&parent=53128"}],"wp:term":[{"taxonomy":"category","embeddable":true,"href":"https:\/\/zonaroja.com.mx\/index.php?rest_route=%2Fwp%2Fv2%2Fcategories&post=53128"},{"taxonomy":"post_tag","embeddable":true,"href":"https:\/\/zonaroja.com.mx\/index.php?rest_route=%2Fwp%2Fv2%2Ftags&post=53128"}],"curies":[{"name":"wp","href":"https:\/\/api.w.org\/{rel}","templated":true}]}}