{"id":5313,"date":"2019-11-01T07:30:58","date_gmt":"2019-11-01T13:30:58","guid":{"rendered":"http:\/\/www.zonaroja.com.mx\/?p=5313"},"modified":"2019-11-01T07:31:01","modified_gmt":"2019-11-01T13:31:01","slug":"exigio-amlo-revelar-el-nombre-del-jefe-antinarco-de-la-sedena","status":"publish","type":"post","link":"https:\/\/zonaroja.com.mx\/?p=5313","title":{"rendered":"Exigi\u00f3 AMLO revelar el nombre del jefe \u201cantinarco\u201d de la Sedena"},"content":{"rendered":"\n<p>Redacci\u00f3n\/Zona\nRoja Cdmx.<\/p>\n\n\n\n<p>Ciudad de\nM\u00e9xico, 1 de noviembre de 2019.- A petici\u00f3n del Presidente Andr\u00e9s Manuel L\u00f3pez\nObrador, el titular de la Secretar\u00eda de la Defensa Nacional (Sedena), Luis Crescencio\nSandoval Gonz\u00e1lez, revel\u00f3 la identidad del responsable del Grupo de An\u00e1lisis de\nInformaci\u00f3n del Narcotr\u00e1fico de esa dependencia, coronel Juan Jos\u00e9 Verde\nMontes, a quien atribuy\u00f3 el inicio del operativo en Culiac\u00e1n para detener a\nOvidio Guzm\u00e1n L\u00f3pez, hijo de \u201cEl Chapo\u201d.<\/p>\n\n\n\n<p>Seg\u00fan\npublic\u00f3 hoy el diario \u201cLa Jornada\u201d, en la conferencia de prensa ofrecida ayer\npor la ma\u00f1ana en Palacio Nacional, L\u00f3pez Obrador asegur\u00f3 que nunca hubo\nnegociaci\u00f3n con el c\u00e1rtel de Sinaloa y que el operativo no obedeci\u00f3 a una orden\nde Washington. <\/p>\n\n\n\n<p>En tanto,\nSandoval Gonz\u00e1lez asegur\u00f3 que Guzm\u00e1n L\u00f3pez nunca fue movido de la casa donde lo\ndetuvieron y que la retirada \u2013y, por tanto, la suspensi\u00f3n de la detenci\u00f3n\u2013 fue\nuna decisi\u00f3n colegiada del gabinete de seguridad.<\/p>\n\n\n\n<p>Ante las\npreguntas de los reporteros acerca de que un mando medio tomara una decisi\u00f3n\ntan importante, el titular de la Sedena indic\u00f3 que el desempe\u00f1o y disciplina\nmilitar est\u00e1n sujetos a investigaci\u00f3n de la fiscal\u00eda castrense para determinar\nresponsabilidades por no informar, no pedir autorizaci\u00f3n (y) no esperar la\nrespuesta de quien ten\u00eda que estar enterado y decidir.<\/p>\n\n\n\n<p>Igualmente,\nasegur\u00f3 que se indaga si hubo filtraciones de informaci\u00f3n de militares hacia el\ngrupo delictivo. <\/p>\n\n\n\n<p>En paralelo,\nprecis\u00f3, se deber\u00e1 esclarecer por qu\u00e9 la Fiscal\u00eda General de la Rep\u00fablica no\nemiti\u00f3 a tiempo la orden de cateo a la residencia donde fue ubicado el blanco,\ncuya detenci\u00f3n era con fines provisionales para cumplir una solicitud de\nextradici\u00f3n a Estados Unidos.<\/p>\n\n\n\n<p>La\nrevelaci\u00f3n del mando a cargo del inicio del operativo se dio al final de la\nsesi\u00f3n, cuando una reportera coment\u00f3 que una de sus dudas sobre este tema no\nhab\u00eda sido aclarada. El mandatario gir\u00f3 a la izquierda del atril y mir\u00f3 hacia\ndonde estaba sentado el general Sandoval Gonz\u00e1lez junto con el secretario de\nSeguridad, Alfonso Durazo Monta\u00f1o, y el de Marina, almirante Jos\u00e9 Rafael Ojeda\nDur\u00e1n, as\u00ed como el consejero jur\u00eddico del Ejecutivo federal, Julio Scherer\nIbarra, y el comandante de la Guardia Nacional, Luis Rodr\u00edguez Bucio.<\/p>\n\n\n\n<p>L\u00f3pez\nObrador pidi\u00f3 al titular de la Sedena que, sin dar el nombre del jefe de\nintervenci\u00f3n, amenazado durante las operaciones del 17 de octubre, dijera el\ndel responsable del operativo en lo nacional.<\/p>\n\n\n\n<p>LA CADENA DE\nMANDO<\/p>\n\n\n\n<p>El\nsecretario de la Defensa tom\u00f3 el micr\u00f3fono y detall\u00f3 la labor y cadena de mando\ndel coronel Verde Montes, quien es el jefe de la estructura castrense encargada\ndel acopio de informaci\u00f3n de inteligencia y de generaci\u00f3n de t\u00e1cticas contra el\nnarcotr\u00e1fico.<\/p>\n\n\n\n<p>Primero dijo\nque era teniente coronel y m\u00e1s tarde corrigi\u00f3 el rango; explic\u00f3 la cadena de\nmando a la que el coronel debi\u00f3 informar: primero al subjefe de Inteligencia\ndel Estado Mayor de la Sedena que, a su vez, es el organismo de apoyo del\ntitular de la dependencia.<\/p>\n\n\n\n<p>Entonces,\nagreg\u00f3 el general, yo habr\u00eda hecho del conocimiento de la situaci\u00f3n al gabinete\nde seguridad y luego al Presidente de la Rep\u00fablica. <\/p>\n\n\n\n<p>Ese ser\u00eda el\nconducto que tendr\u00eda que haber llevado la informaci\u00f3n, precis\u00f3. Por ello, la\nindagatoria de la fiscal\u00eda militar se basa en que el mando presuntamente no\npidi\u00f3 autorizaci\u00f3n para iniciar la operaci\u00f3n.<\/p>\n\n\n\n<p>Despu\u00e9s de\nque el titular de la Sedena cumpli\u00f3 con la solicitud de dar el nombre del\ncoronel al mando, el presidente L\u00f3pez Obrador dijo que le tiene confianza a la\ndependencia y al grupo en menci\u00f3n: no queremos condenarlos a priori.<\/p>\n\n\n\n<p>NINGUNA MALA\nFE<\/p>\n\n\n\n<p>Al inicio,\nel jefe del Ejecutivo federal asever\u00f3 que en todo el episodio no hay ninguna\nmala fe, mucho menos conspiraci\u00f3n, por lo que se comprometi\u00f3 a no dejar ning\u00fan\ncabo suelto. Adujo que la Sedena realizaba con frecuencia y sin problema este\ntipo de operativos, hasta que se toparon con el tema de Culiac\u00e1n.<\/p>\n\n\n\n<p>Sin embargo,\ninsisti\u00f3, no hay nada fuera de lo institucional y que no se ha cancelado la\nsolicitud de captura de Guzm\u00e1n L\u00f3pez, con fines de extradici\u00f3n a Estados\nUnidos.<\/p>\n\n\n\n<p>En ese punto\ndefendi\u00f3 el trabajo y la coordinaci\u00f3n, la disciplina y lealtad de las fuerzas\narmadas. Todos estamos trabajando en armon\u00eda, sostuvo.<\/p>\n\n\n\n<p>Con\ndistintos matices, repas\u00f3 el objetivo de la estrategia de seguridad de su\ngobierno: garantizar la paz sin los afanes autoritarios o fascistoides del\npasado, de querer exterminar, declarar la guerra y todas esas balandronadas.<\/p>\n\n\n\n<p>No obstante,\nadmiti\u00f3 que existe una relaci\u00f3n entre la corrupci\u00f3n y el narcotr\u00e1fico, de ah\u00ed\nla importancia de arrancar de ra\u00edz ese flagelo, atendiendo las causas de la\nviolencia, convenciendo, persuadiendo, ofreciendo bienestar.<\/p>\n\n\n\n<p>(Con\ninformaci\u00f3n de \u201cLa Jornada\u201d).<\/p>\n","protected":false},"excerpt":{"rendered":"<p>Redacci\u00f3n\/Zona Roja Cdmx. Ciudad de M\u00e9xico, 1 de noviembre de 2019.- A petici\u00f3n del Presidente&hellip;<\/p>\n","protected":false},"author":2,"featured_media":5309,"comment_status":"closed","ping_status":"open","sticky":false,"template":"","format":"standard","meta":{"_lmt_disableupdate":"","_lmt_disable":"","_jetpack_memberships_contains_paid_content":false,"footnotes":""},"categories":[109,47],"tags":[143,135,136],"class_list":["post-5313","post","type-post","status-publish","format-standard","has-post-thumbnail","hentry","category-minuto-a-minuto","category-zona-gris","tag-andres-manuel-lopez-obrador","tag-culiacan","tag-sinaloa"],"jetpack_featured_media_url":"https:\/\/zonaroja.com.mx\/wp-content\/uploads\/2019\/10\/Sedena.jpeg","jetpack_sharing_enabled":true,"_links":{"self":[{"href":"https:\/\/zonaroja.com.mx\/index.php?rest_route=\/wp\/v2\/posts\/5313","targetHints":{"allow":["GET"]}}],"collection":[{"href":"https:\/\/zonaroja.com.mx\/index.php?rest_route=\/wp\/v2\/posts"}],"about":[{"href":"https:\/\/zonaroja.com.mx\/index.php?rest_route=\/wp\/v2\/types\/post"}],"author":[{"embeddable":true,"href":"https:\/\/zonaroja.com.mx\/index.php?rest_route=\/wp\/v2\/users\/2"}],"replies":[{"embeddable":true,"href":"https:\/\/zonaroja.com.mx\/index.php?rest_route=%2Fwp%2Fv2%2Fcomments&post=5313"}],"version-history":[{"count":1,"href":"https:\/\/zonaroja.com.mx\/index.php?rest_route=\/wp\/v2\/posts\/5313\/revisions"}],"predecessor-version":[{"id":5314,"href":"https:\/\/zonaroja.com.mx\/index.php?rest_route=\/wp\/v2\/posts\/5313\/revisions\/5314"}],"wp:featuredmedia":[{"embeddable":true,"href":"https:\/\/zonaroja.com.mx\/index.php?rest_route=\/wp\/v2\/media\/5309"}],"wp:attachment":[{"href":"https:\/\/zonaroja.com.mx\/index.php?rest_route=%2Fwp%2Fv2%2Fmedia&parent=5313"}],"wp:term":[{"taxonomy":"category","embeddable":true,"href":"https:\/\/zonaroja.com.mx\/index.php?rest_route=%2Fwp%2Fv2%2Fcategories&post=5313"},{"taxonomy":"post_tag","embeddable":true,"href":"https:\/\/zonaroja.com.mx\/index.php?rest_route=%2Fwp%2Fv2%2Ftags&post=5313"}],"curies":[{"name":"wp","href":"https:\/\/api.w.org\/{rel}","templated":true}]}}