{"id":53132,"date":"2023-03-23T06:49:21","date_gmt":"2023-03-23T12:49:21","guid":{"rendered":"http:\/\/www.zonaroja.com.mx\/?p=53132"},"modified":"2023-03-23T06:49:28","modified_gmt":"2023-03-23T12:49:28","slug":"mataron-a-el-chueco-confirmaran-si-es-quien-asesino-a-sacerdotes-jesuitas","status":"publish","type":"post","link":"https:\/\/zonaroja.com.mx\/?p=53132","title":{"rendered":"\u00bfMataron a \u201cEl Chueco\u201d? Confirmar\u00e1n si es quien asesin\u00f3 a sacerdotes jesuitas"},"content":{"rendered":"\n<p>Redacci\u00f3n\/Zona Roja Cdmx.<\/p>\n\n\n\n<p>Ciudad de M\u00e9xico, a 23 de marzo de 2023.- Un cuerpo que podr\u00eda corresponder a Jos\u00e9 Noriel Portillo Gil, alias \u201cEl Chueco\u201d, presunto responsable del homicidio de dos sacerdotes jesuitas y un gu\u00eda tur\u00edstico en la sierra de Chihuahua, se localiz\u00f3 el s\u00e1bado 18 de marzo en la regi\u00f3n de Choix, Sinaloa.<\/p>\n\n\n\n<p>La Fiscal\u00eda General de Chihuahua report\u00f3 el hallazgo este mi\u00e9rcoles e inform\u00f3 que el cuerpo presentaba un balazo en la cabeza. Agentes de Sinaloa dieron a conocer que tambi\u00e9n presentaba lesiones en abdomen y partes bajas.<\/p>\n\n\n\n<p>El fiscal general, C\u00e9sar J\u00e1uregui Moreno, asegur\u00f3 que el cuerpo fue identificado por la hermana de \u201cEl Chueco\u201d, Diana Carolina Portillo; sin embargo, se van a esperar las pruebas cient\u00edficas para confirmar legalmente que se trata de Jos\u00e9 Noriel Portillo Gil.<\/p>\n\n\n\n<p>Hasta el momento no existe evidencia cient\u00edfica de que se trata de \u201cEl Chueco\u201d, por lo que la Fiscal\u00eda de Sinaloa inform\u00f3 que se realizan las investigaciones periciales para corroborar si se trata del hombre por quien la Fiscal\u00eda de Chihuahua ofrec\u00eda una recompensa de hasta 5 millones de pesos para su captura.<\/p>\n\n\n\n<p>El cuerpo de quien se sospecha es Portillo Gil fue entregado a una funeraria en Los Mochis, Sinaloa, que fue resguardada por elementos de la Secretar\u00eda de la Defensa Nacional y la Guardia Nacional, en espera de su identificaci\u00f3n oficial.<\/p>\n\n\n\n<p>NO ES TRIUNFO<\/p>\n\n\n\n<p>Al conocer la noticia, la Compa\u00f1\u00eda de Jes\u00fas en M\u00e9xico, as\u00ed como el obispo de la Tarahumara, Juan Manuel Gonz\u00e1lez Sandoval y el jesuita Javier \u201cPato\u201d \u00c1vila, coincidieron en que no se trata de un triunfo, ya que no es la manera en que esperaban que se hiciera justicia.<\/p>\n\n\n\n<p>Habitantes de Cerocahui coincidieron en entrevistas que no les alegra la noticia del posible asesinato de \u201cEl Chueco\u201d porque la violencia y el miedo en la comunidad permanecen.<\/p>\n\n\n\n<p>La Compa\u00f1\u00eda de Jes\u00fas inform\u00f3 en su comunicado que est\u00e1n en espera de la confirmaci\u00f3n de la identidad del cuerpo que presuntamente corresponde a Noriel Portillo, pero de verificarse que es la persona implicada en el homicidio de los jesuitas Javier Campos Morales y Joaqu\u00edn Mora Salazar, \u201cde ninguna manera puede considerarse como un triunfo de la justicia, ni como una soluci\u00f3n al problema estructural de violencia en la sierra Tarahumara\u201d.<\/p>\n\n\n\n<p>En un comunicado advierten que el asesinato de \u201cEl Chueco\u201d representa la ausencia de un proceso legal conforme a derecho con relaci\u00f3n a los homicidios, e implica un fracaso del Estado mexicano frente a sus deberes b\u00e1sicos porque confirmar\u00eda que en la regi\u00f3n las autoridades no detentan el control territorial.<\/p>\n\n\n\n<p>\u201cEste desenlace, de confirmarse, no es el que esper\u00e1bamos ni es por el que trabajamos. Por ello, redoblamos nuestro llamado a que se cumplan a cabalidad las medidas cautelares ordenadas por la Comisi\u00f3n Interamericana de Derechos Humanos (CIDH), instaladas apenas la semana pasada, para construir condiciones de seguridad en la regi\u00f3n.<\/p>\n\n\n\n<p>\u201cLos jesuitas nunca hemos callado ni callaremos ante la violencia y la deshumanizaci\u00f3n. Seguiremos en la Tarahumara y en otras regiones de M\u00e9xico, trabajando para que haya paz, justicia, derechos humanos y reconstrucci\u00f3n del tejido social\u201d, concluye el comunicado.<\/p>\n\n\n\n<p>El cuerpo que podr\u00eda corresponder a Noriel Portillo fue localizado por agentes municipales de la Sindicatura Picachos, de Choix, Sinaloa, en un camino de terracer\u00eda.<\/p>\n\n\n\n<p>De acuerdo con datos de la Fiscal\u00eda de Sinaloa, el cuerpo se localiz\u00f3 el s\u00e1bado 18 en la regi\u00f3n de Choix, \u00e9ste tra\u00eda una pechera y presentaba heridas provocadas por disparos de arma de fuego.<\/p>\n\n\n\n<p>Los sacerdotes jesuitas, Javier Campos Morales y Joaqu\u00edn C\u00e9sar Mora Salazar, de 79 y 80 a\u00f1os, respectivamente, fueron asesinados por Portillo Gil, el lunes 20 de junio de 2022, cuando los religiosos intentaron proteger al gu\u00eda tur\u00edstico Pedro Palma Guti\u00e9rrez, quien hu\u00eda de un intento de secuestro por parte del presunto criminal.<\/p>\n\n\n\n<p>(Informaci\u00f3n de \u201cLa Verdad\u201d)<\/p>\n","protected":false},"excerpt":{"rendered":"<p>Redacci\u00f3n\/Zona Roja Cdmx. Ciudad de M\u00e9xico, a 23 de marzo de 2023.- Un cuerpo que&hellip;<\/p>\n","protected":false},"author":2,"featured_media":53133,"comment_status":"closed","ping_status":"open","sticky":false,"template":"","format":"standard","meta":{"_lmt_disableupdate":"","_lmt_disable":"","_jetpack_memberships_contains_paid_content":false,"footnotes":""},"categories":[109,47],"tags":[1195],"class_list":["post-53132","post","type-post","status-publish","format-standard","has-post-thumbnail","hentry","category-minuto-a-minuto","category-zona-gris","tag-chihuahua"],"jetpack_featured_media_url":"https:\/\/zonaroja.com.mx\/wp-content\/uploads\/2023\/03\/El-Chueco-Chihuahua-jesuitas.webp","jetpack_sharing_enabled":true,"_links":{"self":[{"href":"https:\/\/zonaroja.com.mx\/index.php?rest_route=\/wp\/v2\/posts\/53132","targetHints":{"allow":["GET"]}}],"collection":[{"href":"https:\/\/zonaroja.com.mx\/index.php?rest_route=\/wp\/v2\/posts"}],"about":[{"href":"https:\/\/zonaroja.com.mx\/index.php?rest_route=\/wp\/v2\/types\/post"}],"author":[{"embeddable":true,"href":"https:\/\/zonaroja.com.mx\/index.php?rest_route=\/wp\/v2\/users\/2"}],"replies":[{"embeddable":true,"href":"https:\/\/zonaroja.com.mx\/index.php?rest_route=%2Fwp%2Fv2%2Fcomments&post=53132"}],"version-history":[{"count":1,"href":"https:\/\/zonaroja.com.mx\/index.php?rest_route=\/wp\/v2\/posts\/53132\/revisions"}],"predecessor-version":[{"id":53134,"href":"https:\/\/zonaroja.com.mx\/index.php?rest_route=\/wp\/v2\/posts\/53132\/revisions\/53134"}],"wp:featuredmedia":[{"embeddable":true,"href":"https:\/\/zonaroja.com.mx\/index.php?rest_route=\/wp\/v2\/media\/53133"}],"wp:attachment":[{"href":"https:\/\/zonaroja.com.mx\/index.php?rest_route=%2Fwp%2Fv2%2Fmedia&parent=53132"}],"wp:term":[{"taxonomy":"category","embeddable":true,"href":"https:\/\/zonaroja.com.mx\/index.php?rest_route=%2Fwp%2Fv2%2Fcategories&post=53132"},{"taxonomy":"post_tag","embeddable":true,"href":"https:\/\/zonaroja.com.mx\/index.php?rest_route=%2Fwp%2Fv2%2Ftags&post=53132"}],"curies":[{"name":"wp","href":"https:\/\/api.w.org\/{rel}","templated":true}]}}