{"id":53135,"date":"2023-03-23T11:30:00","date_gmt":"2023-03-23T17:30:00","guid":{"rendered":"http:\/\/www.zonaroja.com.mx\/?p=53135"},"modified":"2023-03-23T07:00:16","modified_gmt":"2023-03-23T13:00:16","slug":"detienen-a-9-policias-municipales-y-estatales-por-caso-ayotzinapa","status":"publish","type":"post","link":"https:\/\/zonaroja.com.mx\/?p=53135","title":{"rendered":"Detienen a 9 polic\u00edas municipales y estatales por caso Ayotzinapa"},"content":{"rendered":"\n<p>Redacci\u00f3n\/Zona Roja Cdmx.<\/p>\n\n\n\n<p>Ciudad de M\u00e9xico, a 23 de marzo de 2023.- La Fiscal\u00eda General de la Rep\u00fablica (FGR) cumpliment\u00f3 nueve \u00f3rdenes de aprehensi\u00f3n contra igual n\u00famero de personas presuntas responsables de la desaparici\u00f3n de 43 normalistas de Ayotzinapa.<\/p>\n\n\n\n<p>Los detenidos son polic\u00edas estatales y municipales que el 26 y 27 de septiembre de 2014 habr\u00edan participado activamente en la detenci\u00f3n, desaparici\u00f3n y asesinato de los estudiantes de la Escuela Normal Rural, \u201cRa\u00fal Isidro Burgos\u201d.<\/p>\n\n\n\n<p>Autoridades federales consultadas confirmaron que la aprehensi\u00f3n estuvo a cargo de la Agencia de Investigaci\u00f3n Criminal (AIC), de la FGR, con apoyo de autoridades de los tres \u00f3rdenes de gobierno.<\/p>\n\n\n\n<p>Dijeron que dos de las personas fueron detenidas el martes 21 de marzo. Se trata de los hermanos y polic\u00edas municipales Navis M. Z., e Imer M. Z.<\/p>\n\n\n\n<p>Las otras siete personas, polic\u00edas estatales, fueron detenidas en el transcurso de este mi\u00e9rcoles. Se trata de Sandra G. G.; Juan D. M.; Ramiro A. S.; Lorenzo B. H.; Noel B. G.; Pablo J. M. y Alberto C. A.<\/p>\n\n\n\n<p>Dichas personas ser\u00e1n presentadas ante el Juez quien determinar\u00e1 su situaci\u00f3n jur\u00eddica en las pr\u00f3ximas horas, dentro de la Causa Penal 15\/2022.<\/p>\n\n\n\n<p>Estas detenciones se suman a otras que se han realizado desde los hechos en 2014, y se registra ya a 8 a\u00f1os y medio de la desaparici\u00f3n de los 43 estudiantes normalistas, tras una agresi\u00f3n a balazos en la que perdieron la vida 3 estudiantes, y 3 civiles m\u00e1s.<\/p>\n\n\n\n<p>La Secretar\u00eda de Seguridad P\u00fablica (SSP) destac\u00f3 que, en adelante, ser\u00e1n la FGR y la AIC las instancias que otorguen m\u00e1s informaci\u00f3n sobre dichas detenciones.<\/p>\n\n\n\n<p>Esta es la primera ocasi\u00f3n en que se ejerce acci\u00f3n penal en contra de elementos de la Polic\u00eda del Estado por los hechos registrados la noche del 26 y madrugada del septiembre de 2014 en Iguala.<\/p>\n\n\n\n<p>Aunque en octubre de 2022, personal de la Fiscal\u00eda General de la Rep\u00fablica (FGR) detuvo a Leonardo V\u00e1zquez P\u00e9rez, extitular de la SSP en Guerrero, por mantener supuestos v\u00ednculos con el grupo criminal Guerreros Unidos (GU), pero no espec\u00edficamente por la desaparici\u00f3n de los estudiantes de Ayotzinapa.<\/p>\n\n\n\n<p>(Informaci\u00f3n de \u00abEl Financiero\u201d)<\/p>\n","protected":false},"excerpt":{"rendered":"<p>Redacci\u00f3n\/Zona Roja Cdmx. Ciudad de M\u00e9xico, a 23 de marzo de 2023.- La Fiscal\u00eda General&hellip;<\/p>\n","protected":false},"author":2,"featured_media":18060,"comment_status":"closed","ping_status":"open","sticky":false,"template":"","format":"standard","meta":{"_lmt_disableupdate":"","_lmt_disable":"","_jetpack_memberships_contains_paid_content":false,"footnotes":""},"categories":[109,46],"tags":[1816],"class_list":["post-53135","post","type-post","status-publish","format-standard","has-post-thumbnail","hentry","category-minuto-a-minuto","category-zona-blanca","tag-43-desaparecidos-ayotzinapa"],"jetpack_featured_media_url":"https:\/\/zonaroja.com.mx\/wp-content\/uploads\/2020\/09\/Desaparecidos-Ayotzinapa.jpg","jetpack_sharing_enabled":true,"_links":{"self":[{"href":"https:\/\/zonaroja.com.mx\/index.php?rest_route=\/wp\/v2\/posts\/53135","targetHints":{"allow":["GET"]}}],"collection":[{"href":"https:\/\/zonaroja.com.mx\/index.php?rest_route=\/wp\/v2\/posts"}],"about":[{"href":"https:\/\/zonaroja.com.mx\/index.php?rest_route=\/wp\/v2\/types\/post"}],"author":[{"embeddable":true,"href":"https:\/\/zonaroja.com.mx\/index.php?rest_route=\/wp\/v2\/users\/2"}],"replies":[{"embeddable":true,"href":"https:\/\/zonaroja.com.mx\/index.php?rest_route=%2Fwp%2Fv2%2Fcomments&post=53135"}],"version-history":[{"count":1,"href":"https:\/\/zonaroja.com.mx\/index.php?rest_route=\/wp\/v2\/posts\/53135\/revisions"}],"predecessor-version":[{"id":53136,"href":"https:\/\/zonaroja.com.mx\/index.php?rest_route=\/wp\/v2\/posts\/53135\/revisions\/53136"}],"wp:featuredmedia":[{"embeddable":true,"href":"https:\/\/zonaroja.com.mx\/index.php?rest_route=\/wp\/v2\/media\/18060"}],"wp:attachment":[{"href":"https:\/\/zonaroja.com.mx\/index.php?rest_route=%2Fwp%2Fv2%2Fmedia&parent=53135"}],"wp:term":[{"taxonomy":"category","embeddable":true,"href":"https:\/\/zonaroja.com.mx\/index.php?rest_route=%2Fwp%2Fv2%2Fcategories&post=53135"},{"taxonomy":"post_tag","embeddable":true,"href":"https:\/\/zonaroja.com.mx\/index.php?rest_route=%2Fwp%2Fv2%2Ftags&post=53135"}],"curies":[{"name":"wp","href":"https:\/\/api.w.org\/{rel}","templated":true}]}}