{"id":53140,"date":"2023-03-23T08:30:00","date_gmt":"2023-03-23T14:30:00","guid":{"rendered":"http:\/\/www.zonaroja.com.mx\/?p=53140"},"modified":"2023-03-23T07:37:24","modified_gmt":"2023-03-23T13:37:24","slug":"fracasa-el-ieepo-en-reinstalacion-de-alumna-discriminada-en-la-costa","status":"publish","type":"post","link":"https:\/\/zonaroja.com.mx\/?p=53140","title":{"rendered":"Fracasa el IEEPO en reinstalaci\u00f3n de alumna discriminada, en la Costa"},"content":{"rendered":"\n<p>Redacci\u00f3n\/Zona Roja.<\/p>\n\n\n\n<p>Oaxaca de Ju\u00e1rez, Oax., a 23 de marzo de 2023.- Dos semanas despu\u00e9s de que se intensificara el conflicto por la negativa de recibir a una alumna con pantal\u00f3n, el director del Instituto Estatal de Educaci\u00f3n P\u00fablica de Oaxaca, Emilio Montero P\u00e9rez, acudi\u00f3 a la comunidad de San Jos\u00e9 Manilatepec, municipio de Villa de Tututepec.<\/p>\n\n\n\n<p>Sin embargo, luego de unas siete horas de reuniones, el di\u00e1logo fracas\u00f3, por lo cual la alumna Paola no fue aceptada para reingresar a tomar clases a la escuela Telesecundaria \u201cJos\u00e9 Vasconcelos\u201d.<\/p>\n\n\n\n<p>Ante ello, la autoridad educativa \u00fanicamente ofreci\u00f3 como alternativa cambiarla de plantel, a Bajos de Chila, inscribirla en una instituci\u00f3n privada o en su caso contratarle profesores propios.<\/p>\n\n\n\n<p>La problem\u00e1tica se dio a conocer desde enero pasado, en que padres de familia y directivos del plantel educativo perteneciente al IEEPO, impidieron que Paola vista pantal\u00f3n en lugar del uniforme de mujeres, falda y blusa escolar; la situaci\u00f3n se recrudeci\u00f3 en los primeros d\u00edas de marzo, tras la difusi\u00f3n de una carta p\u00fablica por parte de la madre de familia.<\/p>\n\n\n\n<p>VERSI\u00d3N OFICIAL<\/p>\n\n\n\n<p>En un comunicado, el Gobierno del Estado reconoci\u00f3 que en encuentros con autoridades municipales, madres y padres de familia de la Telesecundaria, directivos de la misma y de la supervisi\u00f3n escolar, \u201cla autoridad educativa present\u00f3 con argumentos s\u00f3lidos y fue clara en solicitar que se respete la medida cautelar emitida por la Defensor\u00eda de los Derechos Humanos del Pueblo de Oaxaca (DDHPO) hacia una adolescente, para que se garantice su derecho a la educaci\u00f3n, permiti\u00e9ndole el acceso al plantel educativo sin condicionamiento alguno.<\/p>\n\n\n\n<p>\u201cAnte la postura de la comunidad que se pronunci\u00f3 por respetar el reglamento interno establecido por la Telesecundaria, Emilio Montero P\u00e9rez fue enf\u00e1tico en se\u00f1alar que dichos estatutos no pueden estar por encima de lo establecido en la Constituci\u00f3n Pol\u00edtica, ni de Tratados Internacionales o los derechos humanos, y en este caso del Inter\u00e9s Superior de las Ni\u00f1as, Ni\u00f1os y Adolescentes.<\/p>\n\n\n\n<p>\u201cPor ello, dio a conocer que se continuar\u00e1n con las mesas de atenci\u00f3n con las partes involucradas, en la b\u00fasqueda de una soluci\u00f3n conciliada, con apego al marco normativo y respeto al derecho a la educaci\u00f3n\u201d.<\/p>\n\n\n\n<p>Por otra parte, detall\u00f3 que, derivado de las pl\u00e1ticas, con respeto, voluntad y concertaci\u00f3n, se lograron acuerdos para que este jueves 23 de marzo reinicien las actividades escolares en la Telesecundaria.<\/p>\n\n\n\n<p>En los encuentros estuvieron presentes el presidente municipal de la Villa de Tututepec, Jesuhandy Conde G\u00f3mez, representantes de la Secretar\u00eda de Gobierno (SEGO) y la Defensor\u00eda de los Derechos Humanos del Pueblo de Oaxaca (DDHPO).<\/p>\n","protected":false},"excerpt":{"rendered":"<p>Redacci\u00f3n\/Zona Roja. Oaxaca de Ju\u00e1rez, Oax., a 23 de marzo de 2023.- Dos semanas despu\u00e9s&hellip;<\/p>\n","protected":false},"author":2,"featured_media":52965,"comment_status":"closed","ping_status":"open","sticky":false,"template":"","format":"standard","meta":{"_lmt_disableupdate":"","_lmt_disable":"","_jetpack_memberships_contains_paid_content":false,"footnotes":""},"categories":[109,47],"tags":[3467],"class_list":["post-53140","post","type-post","status-publish","format-standard","has-post-thumbnail","hentry","category-minuto-a-minuto","category-zona-gris","tag-san-jose-manialtepec"],"jetpack_featured_media_url":"https:\/\/zonaroja.com.mx\/wp-content\/uploads\/2023\/03\/Discriminacion-Manialtepec-Tututepec-estudiante.jpg","jetpack_sharing_enabled":true,"_links":{"self":[{"href":"https:\/\/zonaroja.com.mx\/index.php?rest_route=\/wp\/v2\/posts\/53140","targetHints":{"allow":["GET"]}}],"collection":[{"href":"https:\/\/zonaroja.com.mx\/index.php?rest_route=\/wp\/v2\/posts"}],"about":[{"href":"https:\/\/zonaroja.com.mx\/index.php?rest_route=\/wp\/v2\/types\/post"}],"author":[{"embeddable":true,"href":"https:\/\/zonaroja.com.mx\/index.php?rest_route=\/wp\/v2\/users\/2"}],"replies":[{"embeddable":true,"href":"https:\/\/zonaroja.com.mx\/index.php?rest_route=%2Fwp%2Fv2%2Fcomments&post=53140"}],"version-history":[{"count":1,"href":"https:\/\/zonaroja.com.mx\/index.php?rest_route=\/wp\/v2\/posts\/53140\/revisions"}],"predecessor-version":[{"id":53141,"href":"https:\/\/zonaroja.com.mx\/index.php?rest_route=\/wp\/v2\/posts\/53140\/revisions\/53141"}],"wp:featuredmedia":[{"embeddable":true,"href":"https:\/\/zonaroja.com.mx\/index.php?rest_route=\/wp\/v2\/media\/52965"}],"wp:attachment":[{"href":"https:\/\/zonaroja.com.mx\/index.php?rest_route=%2Fwp%2Fv2%2Fmedia&parent=53140"}],"wp:term":[{"taxonomy":"category","embeddable":true,"href":"https:\/\/zonaroja.com.mx\/index.php?rest_route=%2Fwp%2Fv2%2Fcategories&post=53140"},{"taxonomy":"post_tag","embeddable":true,"href":"https:\/\/zonaroja.com.mx\/index.php?rest_route=%2Fwp%2Fv2%2Ftags&post=53140"}],"curies":[{"name":"wp","href":"https:\/\/api.w.org\/{rel}","templated":true}]}}