{"id":53142,"date":"2023-03-23T10:30:00","date_gmt":"2023-03-23T16:30:00","guid":{"rendered":"http:\/\/www.zonaroja.com.mx\/?p=53142"},"modified":"2023-03-23T08:00:30","modified_gmt":"2023-03-23T14:00:30","slug":"demandan-en-congreso-agilizar-atencion-a-denuncias-de-acoso-estudiantil","status":"publish","type":"post","link":"https:\/\/zonaroja.com.mx\/?p=53142","title":{"rendered":"Demandan en Congreso agilizar atenci\u00f3n a denuncias de acoso estudiantil"},"content":{"rendered":"\n<p>Ismael Garc\u00eda M.\/Zona Roja.<\/p>\n\n\n\n<p>Oaxaca de Ju\u00e1rez, Oax., a 23 de marzo de 2023.- El pleno de la 65 Legislatura del Congreso del Estado aprob\u00f3 un Punto de Acuerdo por el cual se exhorta a la Fiscal\u00eda General del Estado de Oaxaca a atender de manera integral y \u00e1gil los casos de denuncia de acoso sexual en planteles educativos.<\/p>\n\n\n\n<p>La propuesta fue planteada por la diputada Mariana Ben\u00edtez Tiburcio, quien afirm\u00f3 que es intolerable que estas situaciones ocurran en escuelas de todos los niveles, en la entidad y en el pa\u00eds.<\/p>\n\n\n\n<p>\u201cAl d\u00eda siguiente del 8 de marzo, decidieron salir, unirse, agarrar valor, porque se necesita agarrar valor en este pa\u00eds para denunciar a sus agresores, y estudiantes de varias instituciones denunciaron a sus acosadores, a sus violentadores.<\/p>\n\n\n\n<p>\u201cEntre ellos se encuentran sus propios profesores, personal acad\u00e9mico, administrativo y sus compa\u00f1eros estudiantes. Es inaceptable que se tolere esta violencia, como es inaceptable que como instituciones del Estado no hagamos nada\u201d, dijo la legisladora, en referencia a las recientes protestas registradas en escuelas de bachillerato del nivel medio superior y superior de la entidad.<\/p>\n\n\n\n<p>En su mensaje en tribuna, cuestion\u00f3: \u201cLa pregunta es, \u00bfcu\u00e1ntos casos no han salido a la luz? Yo podr\u00eda casi asegurar que en casi todas las instituciones se han dado este tipo de violencias y la pregunta es, qu\u00e9 han hecho las autoridades educativas, qu\u00e9 ha hecho la Fiscal\u00eda\u201d.<\/p>\n\n\n\n<figure class=\"wp-block-embed is-type-rich is-provider-twitter wp-block-embed-twitter\"><div class=\"wp-block-embed__wrapper\">\n<div class=\"twitter-tweet\"><blockquote class=\"twitter-tweet\" data-lang=\"es\"><p lang=\"es\" dir=\"ltr\"><a href=\"https:\/\/twitter.com\/hashtag\/%C3%9AltimoMinuto?src=hash&amp;ref_src=twsrc%5Etfw\">#\u00daltimoMinuto<\/a><br>Con 31 votos, el pleno del <a href=\"https:\/\/twitter.com\/CongresoOaxaca_?ref_src=twsrc%5Etfw\">@CongresoOaxaca_<\/a> aprob\u00f3 un Punto de Acuerdo presentado por la diputada <a href=\"https:\/\/twitter.com\/marianabenitezt?ref_src=twsrc%5Etfw\">@marianabenitezt<\/a>, por el cual se exhorta a la Fiscal\u00eda General del Estado atender integralmente los casos de acoso denunciados recientemente en diversos planteles. <a href=\"https:\/\/t.co\/uTusWUj0ak\">pic.twitter.com\/uTusWUj0ak<\/a><\/p>&mdash; Zona Roja Oaxaca (@ZonaRoja_Oaxaca) <a href=\"https:\/\/twitter.com\/ZonaRoja_Oaxaca\/status\/1638667802826645504?ref_src=twsrc%5Etfw\">22 de marzo de 2023<\/a><\/blockquote><\/div>\n<\/div><\/figure>\n\n\n\n<p>Refiri\u00f3 datos de la Encuesta Nacional sobre la Din\u00e1mica sobre las Relaciones en los Hogares, del 2021, que detalla que en el estado de Oaxaca el 22 por ciento de las mujeres y m\u00e1s de 15 a\u00f1os y m\u00e1s han vivido situaciones de violencia f\u00edsica a lo largo de la vida escolar.<\/p>\n\n\n\n<p>Mientras que el 11 por ciento ha experimentado violencia de tipo sexual en los \u00faltimos 12 meses en el \u00e1mbito escolar; los principales agresores han sido sus compa\u00f1eros en un 46 por ciento de los casos, y sus maestros en un 17 por ciento.<\/p>\n\n\n\n<p>Con respecto a datos oficiales, inform\u00f3 que por parte de la Fiscal\u00eda General, en 2022 por abuso sexual en escuelas se iniciaron 15 Carpetas de Investigaci\u00f3n, de las cuales cinco se judicializaron; en este a\u00f1o, se han iniciado dos carpetas.<\/p>\n\n\n\n<p>\u201cLa gran cantidad de casos no se denuncian, y no se denuncian porque las chicas tienen miedo, porque siempre est\u00e1n solas cuando hacen alg\u00fan tipo de denuncia, porque no encuentran en muchos casos en sus profesores, porque tienen desconfianza al sistema de justicia en nuestro pa\u00eds.<\/p>\n\n\n\n<p>\u201cEs alarmante, cu\u00e1ntos casos se est\u00e1n quedando en la impunidad por esta situaci\u00f3n\u201d, dijo en tribuna, y expuso que lo que pas\u00f3 con las j\u00f3venes que hicieron denuncias, no pueden quedarse en nota de un d\u00eda o de una semana, sino que requieren una atenci\u00f3n integral de todas las autoridades.<\/p>\n","protected":false},"excerpt":{"rendered":"<p>Ismael Garc\u00eda M.\/Zona Roja. Oaxaca de Ju\u00e1rez, Oax., a 23 de marzo de 2023.- El&hellip;<\/p>\n","protected":false},"author":2,"featured_media":53144,"comment_status":"closed","ping_status":"open","sticky":false,"template":"","format":"standard","meta":{"_lmt_disableupdate":"","_lmt_disable":"","_jetpack_memberships_contains_paid_content":false,"footnotes":""},"categories":[109,46],"tags":[2969],"class_list":["post-53142","post","type-post","status-publish","format-standard","has-post-thumbnail","hentry","category-minuto-a-minuto","category-zona-blanca","tag-mariana-benitez-tiburcio"],"jetpack_featured_media_url":"https:\/\/zonaroja.com.mx\/wp-content\/uploads\/2023\/03\/Mariana-Benitez-Tiburcio-Congreso.jpg","jetpack_sharing_enabled":true,"_links":{"self":[{"href":"https:\/\/zonaroja.com.mx\/index.php?rest_route=\/wp\/v2\/posts\/53142","targetHints":{"allow":["GET"]}}],"collection":[{"href":"https:\/\/zonaroja.com.mx\/index.php?rest_route=\/wp\/v2\/posts"}],"about":[{"href":"https:\/\/zonaroja.com.mx\/index.php?rest_route=\/wp\/v2\/types\/post"}],"author":[{"embeddable":true,"href":"https:\/\/zonaroja.com.mx\/index.php?rest_route=\/wp\/v2\/users\/2"}],"replies":[{"embeddable":true,"href":"https:\/\/zonaroja.com.mx\/index.php?rest_route=%2Fwp%2Fv2%2Fcomments&post=53142"}],"version-history":[{"count":1,"href":"https:\/\/zonaroja.com.mx\/index.php?rest_route=\/wp\/v2\/posts\/53142\/revisions"}],"predecessor-version":[{"id":53145,"href":"https:\/\/zonaroja.com.mx\/index.php?rest_route=\/wp\/v2\/posts\/53142\/revisions\/53145"}],"wp:featuredmedia":[{"embeddable":true,"href":"https:\/\/zonaroja.com.mx\/index.php?rest_route=\/wp\/v2\/media\/53144"}],"wp:attachment":[{"href":"https:\/\/zonaroja.com.mx\/index.php?rest_route=%2Fwp%2Fv2%2Fmedia&parent=53142"}],"wp:term":[{"taxonomy":"category","embeddable":true,"href":"https:\/\/zonaroja.com.mx\/index.php?rest_route=%2Fwp%2Fv2%2Fcategories&post=53142"},{"taxonomy":"post_tag","embeddable":true,"href":"https:\/\/zonaroja.com.mx\/index.php?rest_route=%2Fwp%2Fv2%2Ftags&post=53142"}],"curies":[{"name":"wp","href":"https:\/\/api.w.org\/{rel}","templated":true}]}}