{"id":53146,"date":"2023-03-23T08:25:59","date_gmt":"2023-03-23T14:25:59","guid":{"rendered":"http:\/\/www.zonaroja.com.mx\/?p=53146"},"modified":"2023-03-23T08:26:01","modified_gmt":"2023-03-23T14:26:01","slug":"a-iniciativa-de-autoridad-de-cuicatlan-artistas-nacionales-y-extranjeros-exponen-en-oaxaca","status":"publish","type":"post","link":"https:\/\/zonaroja.com.mx\/?p=53146","title":{"rendered":"A iniciativa de autoridad de Cuicatl\u00e1n, artistas nacionales y extranjeros exponen en Oaxaca"},"content":{"rendered":"\n<p>Ismael Garc\u00eda M.\/Zona Roja.<\/p>\n\n\n\n<p>Oaxaca de Ju\u00e1rez, Oax., a 23 de marzo de 2023.- A iniciativa del ayuntamiento de San Juan Bautista Cuicatl\u00e1n, alrededor de 30 artistas locales, nacionales y extranjeros, exponen sus obras en la capital de Oaxaca, adem\u00e1s de realizar diversos murales en ese municipio.<\/p>\n\n\n\n<p>La muestra denominada \u201cFestival Mural Cuicatl\u00e1n por la Reserva de la Biosfera 2023\u201d y otros trabajos, fueron inaugurados ayer por la presidenta municipal, Maricel Mariscal Gayt\u00e1n, con la presencia de representantes de la Secretar\u00eda de las Culturas y Artes del estado, as\u00ed como los artistas participantes, adem\u00e1s de Valerio Ram\u00edrez, representante de Comex, patrocinador de la actividad.<\/p>\n\n\n\n<p>Los artistas pl\u00e1sticos son la pieza fundamental de esta exposici\u00f3n, pues desde hace tres a\u00f1os han estado han regalado su obra al municipio de Cuicatl\u00e1n, destac\u00f3 la edil, al agradecer tambi\u00e9n el trabajo de los coordinadores, \u00d3scar Sandoval y Julio Ram\u00edrez.<\/p>\n\n\n\n<p>\u201cEs un festival que ha ido recobrando importancia poco a poco; en Cuicatl\u00e1n no hab\u00eda un solo mural y gracias al proyecto que iniciamos, por la inquietud del colectivo de \u00d3scar y de Julio es como comenzamos a plasmar murales.<\/p>\n\n\n\n<figure class=\"wp-block-embed is-type-rich is-provider-twitter wp-block-embed-twitter\"><div class=\"wp-block-embed__wrapper\">\n<div class=\"twitter-tweet\"><blockquote class=\"twitter-tweet\" data-lang=\"es\"><p lang=\"es\" dir=\"ltr\"><a href=\"https:\/\/twitter.com\/hashtag\/%C3%9AltimoMinuto?src=hash&amp;ref_src=twsrc%5Etfw\">#\u00daltimoMinuto<\/a><br>El ayuntamiento de San Juan Bautista Cuicatl\u00e1n, que encabeza la edil Marisel Mariscal, presenta en la Hemeroteca P\u00fablica de la capital oaxaque\u00f1a a los muralistas del \u201cFestival Mural Cuicatl\u00e1n por la Reserva de la Biosfera 2023&quot;, e inaugura la exposici\u00f3n alusiva. <a href=\"https:\/\/t.co\/vTAofqtOTa\">pic.twitter.com\/vTAofqtOTa<\/a><\/p>&mdash; Zona Roja Oaxaca (@ZonaRoja_Oaxaca) <a href=\"https:\/\/twitter.com\/ZonaRoja_Oaxaca\/status\/1638685348460105729?ref_src=twsrc%5Etfw\">22 de marzo de 2023<\/a><\/blockquote><\/div>\n<\/div><\/figure>\n\n\n\n<p>\u201cEsto inici\u00f3 hace tres a\u00f1os sin embargo poca gente la conoce, como a los artistas que vienen a regalarnos su obra, por eso era importante traerla a la Hemeroteca P\u00fablica, donde m\u00e1s gente pueda admirarla\u201d, dijo la presidenta municipal.<\/p>\n\n\n\n<p>Abund\u00f3 que la intenci\u00f3n de que conozcan lo que se hace en Cuicatl\u00e1n viene de la mano con el hecho de que el municipio pueda tener un mayor impacto a nivel estatal y nacional respecto a la Reserva de la Biosfera.<\/p>\n\n\n\n<p>Expuso que todos los murales est\u00e1n inspirados en esa reserva natural, ya reconocido como Patrimonio Mixto de la Humanidad, y con lo cual se busca tambi\u00e9n que haya mayor conciencia para proteger ese entorno.<\/p>\n\n\n\n<p>De acuerdo con Julio Ram\u00edrez, la iniciativa surgi\u00f3 a ra\u00edz de la pandemia y en los murales y la obra participan alrededor de 30 artistas pl\u00e1sticos, entre ellos de la Ciudad de M\u00e9xico, Puebla, Oaxaca, de Italia, Espa\u00f1a, Francia, entre otros.<\/p>\n\n\n\n<p>En el acto tomaron la palabra tambi\u00e9n Carmen S\u00e1nchez Parada, directora de Conservaci\u00f3n y Divulgaci\u00f3n de la Secretar\u00eda de las Culturas, as\u00ed como Tamara Soriano S\u00e1nchez, directora de la Hemeroteca P\u00fablica \u201cN\u00e9stor S\u00e1nchez\u201d; estuvo tambi\u00e9n presente el artista Lorenzo Nathanael Hern\u00e1ndez, funcionario estatal.<\/p>\n\n\n\n<p>La exposici\u00f3n concluye el pr\u00f3ximo 29 de marzo y quienes deseen pueden acudir a Cuicatl\u00e1n, a unas dos horas por carretera desde la ciudad de Oaxaca, para admirar los murales.<\/p>\n","protected":false},"excerpt":{"rendered":"<p>Ismael Garc\u00eda M.\/Zona Roja. Oaxaca de Ju\u00e1rez, Oax., a 23 de marzo de 2023.- A&hellip;<\/p>\n","protected":false},"author":2,"featured_media":53143,"comment_status":"closed","ping_status":"open","sticky":false,"template":"","format":"standard","meta":{"_lmt_disableupdate":"","_lmt_disable":"","_jetpack_memberships_contains_paid_content":false,"footnotes":""},"categories":[109,46],"tags":[3304],"class_list":["post-53146","post","type-post","status-publish","format-standard","has-post-thumbnail","hentry","category-minuto-a-minuto","category-zona-blanca","tag-san-juan-bautista-cuicatlan"],"jetpack_featured_media_url":"https:\/\/zonaroja.com.mx\/wp-content\/uploads\/2023\/03\/Inauguracion-exposicion-Cuicatlan.jpg","jetpack_sharing_enabled":true,"_links":{"self":[{"href":"https:\/\/zonaroja.com.mx\/index.php?rest_route=\/wp\/v2\/posts\/53146","targetHints":{"allow":["GET"]}}],"collection":[{"href":"https:\/\/zonaroja.com.mx\/index.php?rest_route=\/wp\/v2\/posts"}],"about":[{"href":"https:\/\/zonaroja.com.mx\/index.php?rest_route=\/wp\/v2\/types\/post"}],"author":[{"embeddable":true,"href":"https:\/\/zonaroja.com.mx\/index.php?rest_route=\/wp\/v2\/users\/2"}],"replies":[{"embeddable":true,"href":"https:\/\/zonaroja.com.mx\/index.php?rest_route=%2Fwp%2Fv2%2Fcomments&post=53146"}],"version-history":[{"count":1,"href":"https:\/\/zonaroja.com.mx\/index.php?rest_route=\/wp\/v2\/posts\/53146\/revisions"}],"predecessor-version":[{"id":53147,"href":"https:\/\/zonaroja.com.mx\/index.php?rest_route=\/wp\/v2\/posts\/53146\/revisions\/53147"}],"wp:featuredmedia":[{"embeddable":true,"href":"https:\/\/zonaroja.com.mx\/index.php?rest_route=\/wp\/v2\/media\/53143"}],"wp:attachment":[{"href":"https:\/\/zonaroja.com.mx\/index.php?rest_route=%2Fwp%2Fv2%2Fmedia&parent=53146"}],"wp:term":[{"taxonomy":"category","embeddable":true,"href":"https:\/\/zonaroja.com.mx\/index.php?rest_route=%2Fwp%2Fv2%2Fcategories&post=53146"},{"taxonomy":"post_tag","embeddable":true,"href":"https:\/\/zonaroja.com.mx\/index.php?rest_route=%2Fwp%2Fv2%2Ftags&post=53146"}],"curies":[{"name":"wp","href":"https:\/\/api.w.org\/{rel}","templated":true}]}}