{"id":53148,"date":"2023-03-23T09:27:00","date_gmt":"2023-03-23T15:27:00","guid":{"rendered":"http:\/\/www.zonaroja.com.mx\/?p=53148"},"modified":"2023-03-23T08:29:08","modified_gmt":"2023-03-23T14:29:08","slug":"destaca-diputado-que-con-amlo-mexico-sera-autosuficiente-en-combustibles","status":"publish","type":"post","link":"https:\/\/zonaroja.com.mx\/?p=53148","title":{"rendered":"Destaca diputado que con AMLO, M\u00e9xico ser\u00e1 autosuficiente en combustibles"},"content":{"rendered":"\n<p>Redacci\u00f3n\/Zona Roja.<\/p>\n\n\n\n<p>Oaxaca de Ju\u00e1rez, Oax. 23 de marzo de 2023.- Al destacar el liderazgo del presidente Andr\u00e9s Manuel L\u00f3pez Obrador por consolidar la Cuarta Transformaci\u00f3n en M\u00e9xico, Luis Alfonso Silva Romo,Coordinador del grupo parlamentario de Morena en el Congreso de Oaxaca, asegur\u00f3 que el pa\u00eds ser\u00e1 autosuficiente en la producci\u00f3n de combustibles.&nbsp;<\/p>\n\n\n\n<p>Dijo que con la planta coquizadora en Salina Cruz, y la que se encuentra en Tula, Hidalgo, as\u00ed como con la compra de la refiner\u00eda Deer Park, en Texas, y con la nueva refiner\u00eda en Dos Bocas, \u201cel pr\u00f3ximo a\u00f1o nuestro pa\u00eds ser\u00e1 autosuficiente en producci\u00f3n de combustibles. No se van a importar gasolina ni di\u00e9sel, lo cual va a permitir que no aumenten los precios de estos\u201d.&nbsp;<\/p>\n\n\n\n<p>El diputado consider\u00f3 que la transformaci\u00f3n del pa\u00eds se ve reflejada en Oaxaca, pues se tiene programada la conclusi\u00f3n de la planta coquizadora en Salina Cruz, la cual har\u00e1 posible convertir el combustible en gasolina con los residuos de las primeras refinaciones. Por otro lado, es importante mencionar que en este momento se est\u00e1n empleando a alrededor de cinco mil trabajadores en su construcci\u00f3n, adem\u00e1s de que la misma est\u00e1 generando una inversi\u00f3n de aproximadamente 60 mil millones de pesos.\u00a0<\/p>\n\n\n\n<figure class=\"wp-block-embed is-type-rich is-provider-twitter wp-block-embed-twitter\"><div class=\"wp-block-embed__wrapper\">\n<div class=\"twitter-tweet\"><blockquote class=\"twitter-tweet\" data-lang=\"es\"><p lang=\"es\" dir=\"ltr\"><a href=\"https:\/\/twitter.com\/hashtag\/%C3%9AltimoMinuto?src=hash&amp;ref_src=twsrc%5Etfw\">#\u00daltimoMinuto<\/a> <br>Para reconocer los apoyos a Oaxaca del Presidente <a href=\"https:\/\/twitter.com\/lopezobrador_?ref_src=twsrc%5Etfw\">@lopezobrador_<\/a> y al gobierno de <a href=\"https:\/\/twitter.com\/salomonj?ref_src=twsrc%5Etfw\">@salomonj<\/a>, el diputado <a href=\"https:\/\/twitter.com\/LUISALFONSOSR?ref_src=twsrc%5Etfw\">@luisalfonsosr<\/a> ley\u00f3 en la sesi\u00f3n del <a href=\"https:\/\/twitter.com\/CongresoOaxaca_?ref_src=twsrc%5Etfw\">@CongresoOaxaca_<\/a> un posicionamiento de la bancada del Partido Morena. <a href=\"https:\/\/t.co\/RdILeqj6cr\">pic.twitter.com\/RdILeqj6cr<\/a><\/p>&mdash; Zona Roja Oaxaca (@ZonaRoja_Oaxaca) <a href=\"https:\/\/twitter.com\/ZonaRoja_Oaxaca\/status\/1638633686680608769?ref_src=twsrc%5Etfw\">22 de marzo de 2023<\/a><\/blockquote><\/div>\n<\/div><\/figure>\n\n\n\n<p>Resalt\u00f3 adem\u00e1s que a pesar de los conflictos agrarios en Oaxaca, el presidente L\u00f3pez Obrador anunci\u00f3 que se tiene previsto que en julio de este a\u00f1o se concluya la carretera de Oaxaca a Puerto Escondido, \u201cy para el pr\u00f3ximo a\u00f1o la carretera que conduce al Istmo de Tehuantepec, tal y como lo mencion\u00f3 el gobernador Salom\u00f3n Jara Cruz, Oaxaca siempre ha participado en las grandes transformaciones de la vida p\u00fablica de nuestro pa\u00eds\u201d.<\/p>\n\n\n\n<p>\u201cY ahora en esta Cuarta Transformaci\u00f3n, los resultados siguen reflej\u00e1ndose en nuestro estado, ya que nuestros pueblos y comunidades ind\u00edgenas se han beneficiado con 240 caminos que van a las cabeceras municipales, y por supuesto, actualmente hay m\u00e1s de un mill\u00f3n 200 mil familias oaxaque\u00f1as que reciben los apoyos del programa Bienestar, lo que nunca antes se hab\u00eda tenido en nuestro estado\u201d, a\u00f1adi\u00f3.&nbsp;<\/p>\n\n\n\n<p>\u201cAvanzamos de la mano del licenciado Andr\u00e9s Manuel L\u00f3pez Obrador, y a nivel local, del ingeniero Salom\u00f3n Jara Cruz\u201d, expres\u00f3.&nbsp;<\/p>\n\n\n\n<p>Luis Alfonso Silva Romo destac\u00f3 el liderazgo del Presidente de la Rep\u00fablica, quien en esta semana realiz\u00f3 su visita n\u00famero 31 a Oaxaca, en esta reciente ocasi\u00f3n para la conmemoraci\u00f3n del 217 aniversario del natalicio del expresidente de M\u00e9xico, Benito Ju\u00e1rez Garc\u00eda.<\/p>\n","protected":false},"excerpt":{"rendered":"<p>Redacci\u00f3n\/Zona Roja. Oaxaca de Ju\u00e1rez, Oax. 23 de marzo de 2023.- Al destacar el liderazgo&hellip;<\/p>\n","protected":false},"author":2,"featured_media":53149,"comment_status":"closed","ping_status":"open","sticky":false,"template":"","format":"standard","meta":{"_lmt_disableupdate":"","_lmt_disable":"","_jetpack_memberships_contains_paid_content":false,"footnotes":""},"categories":[109,46],"tags":[2721],"class_list":["post-53148","post","type-post","status-publish","format-standard","has-post-thumbnail","hentry","category-minuto-a-minuto","category-zona-blanca","tag-luis-alfonso-silva-romo"],"jetpack_featured_media_url":"https:\/\/zonaroja.com.mx\/wp-content\/uploads\/2023\/03\/Luis-Alfonso-Silva-Romo.jpeg","jetpack_sharing_enabled":true,"_links":{"self":[{"href":"https:\/\/zonaroja.com.mx\/index.php?rest_route=\/wp\/v2\/posts\/53148","targetHints":{"allow":["GET"]}}],"collection":[{"href":"https:\/\/zonaroja.com.mx\/index.php?rest_route=\/wp\/v2\/posts"}],"about":[{"href":"https:\/\/zonaroja.com.mx\/index.php?rest_route=\/wp\/v2\/types\/post"}],"author":[{"embeddable":true,"href":"https:\/\/zonaroja.com.mx\/index.php?rest_route=\/wp\/v2\/users\/2"}],"replies":[{"embeddable":true,"href":"https:\/\/zonaroja.com.mx\/index.php?rest_route=%2Fwp%2Fv2%2Fcomments&post=53148"}],"version-history":[{"count":1,"href":"https:\/\/zonaroja.com.mx\/index.php?rest_route=\/wp\/v2\/posts\/53148\/revisions"}],"predecessor-version":[{"id":53150,"href":"https:\/\/zonaroja.com.mx\/index.php?rest_route=\/wp\/v2\/posts\/53148\/revisions\/53150"}],"wp:featuredmedia":[{"embeddable":true,"href":"https:\/\/zonaroja.com.mx\/index.php?rest_route=\/wp\/v2\/media\/53149"}],"wp:attachment":[{"href":"https:\/\/zonaroja.com.mx\/index.php?rest_route=%2Fwp%2Fv2%2Fmedia&parent=53148"}],"wp:term":[{"taxonomy":"category","embeddable":true,"href":"https:\/\/zonaroja.com.mx\/index.php?rest_route=%2Fwp%2Fv2%2Fcategories&post=53148"},{"taxonomy":"post_tag","embeddable":true,"href":"https:\/\/zonaroja.com.mx\/index.php?rest_route=%2Fwp%2Fv2%2Ftags&post=53148"}],"curies":[{"name":"wp","href":"https:\/\/api.w.org\/{rel}","templated":true}]}}