{"id":5315,"date":"2019-11-01T09:24:48","date_gmt":"2019-11-01T15:24:48","guid":{"rendered":"http:\/\/www.zonaroja.com.mx\/?p=5315"},"modified":"2019-11-01T09:32:32","modified_gmt":"2019-11-01T15:32:32","slug":"preven-aprobar-modificaciones-a-la-constitucion-por-aborto-en-proximo-periodo-ordinario","status":"publish","type":"post","link":"https:\/\/zonaroja.com.mx\/?p=5315","title":{"rendered":"Prev\u00e9n retomar modificaciones a la Constituci\u00f3n por aborto, en pr\u00f3ximo periodo ordinario"},"content":{"rendered":"\n<p>Evlin Arag\u00f3n\/Zona\nRoja.<\/p>\n\n\n\n<p>Oaxaca de\nJu\u00e1rez, Oax., 1 de noviembre de 2019.- Al inicio del segundo a\u00f1o de ejercicio\nlegislativo se prev\u00e9 abordar el dictamen pendiente para modificar la\nConstituci\u00f3n Pol\u00edtica de Oaxaca en el tema del aborto, consider\u00f3 la diputada\nlocal Magaly L\u00f3pez Dom\u00ednguez.<\/p>\n\n\n\n<p>La tambi\u00e9n\npresidenta de la Diputaci\u00f3n Permanente del Congreso, reconoci\u00f3 que aunque ya\nexiste un avance con la aprobaci\u00f3n de las reformas al C\u00f3digo Penal, mismas que\nfueron publicadas en el Peri\u00f3dico Oficial el pasado 24 de octubre, a\u00fan est\u00e1\npendiente la armonizaci\u00f3n tanto de la Constituci\u00f3n como de la Ley Estatal en\nmateria de Salud. <\/p>\n\n\n\n<p>\u201cComo\nustedes saben, el pr\u00f3ximo 13 de noviembre vamos a iniciar el primer periodo\nordinario del segundo a\u00f1o legislativo y esperamos retomar todos los dict\u00e1menes\npendientes como los que tienen que ver con el tema de la despenalizaci\u00f3n del\naborto\u201d, dijo en entrevista. <\/p>\n\n\n\n<p>L\u00f3pez Dom\u00ednguez\ncelebr\u00f3 la reciente publicaci\u00f3n en el Peri\u00f3dico Oficial de las reformas al\nC\u00f3digo Penal que dijo ponen a Oaxaca a la vanguardia en el tema de la\ninterrupci\u00f3n legal del embarazo, a la par de la Ciudad de M\u00e9xico y por encima\nde las dem\u00e1s entidades de la Rep\u00fablica que a\u00fan discuten el tema. <\/p>\n\n\n\n<p>\u201cVamos avanzando,\nconsider\u00f3 que es un tema que estaba bastante rezagado y ahora Oaxaca se ha\nconvertido en el segundo estado de la Rep\u00fablica que permite la despenalizaci\u00f3n\ndel aborto, vamos adelantados a otros estados y seguiremos en la misma ruta\u201d,\nse\u00f1al\u00f3.<\/p>\n\n\n\n<p>La legisladora\nasegur\u00f3 que pese a los pendientes para armonizar las leyes, la interrupci\u00f3n del\nembarazo antes de las 12 semanas de gestaci\u00f3n es legal en Oaxaca tal y como lo\navalan las reformas al C\u00f3digo Penal aprobadas el 25 de septiembre y publicadas\nel pasado 24 de octubre en el Peri\u00f3dico Oficial del Estado.<\/p>\n\n\n\n<p>Y aunque\nreconoci\u00f3 que cualquier persona, en su leg\u00edtimo derecho, podr\u00eda ampararse ante\nlas disposiciones legales que adem\u00e1s son revisadas por un equipo jur\u00eddico,\nexisten antecedentes nacionales e internacionales que avalan la legalidad de la\ndespenalizaci\u00f3n del aborto.<\/p>\n\n\n\n<p>Finalmente,\ny ante la insistencia de grupos religiosos y civiles que han pedido ser tomados\nen cuanta para las pr\u00f3ximas discusiones en torno al tema, la legisladora\ndetall\u00f3 que previamente hubo la apertura de escuchar todas las posturas con el\ncompromiso que tienen de ser un Congreso abierto al di\u00e1logo y la escucha.<\/p>\n\n\n\n<p>\u201cEs de todos\nsabido que s\u00ed se dio la apertura, si se escuch\u00f3, particularmente su servidora\nescuch\u00f3 a los grupos religiosos, inclusive aqu\u00ed en el recinto se dio un foro,\nnosotros hemos dicho que somos un Congreso abierto a escuchar a todos\u201d, remarc\u00f3.<\/p>\n","protected":false},"excerpt":{"rendered":"<p>Evlin Arag\u00f3n\/Zona Roja. Oaxaca de Ju\u00e1rez, Oax., 1 de noviembre de 2019.- Al inicio del&hellip;<\/p>\n","protected":false},"author":2,"featured_media":5316,"comment_status":"closed","ping_status":"open","sticky":false,"template":"","format":"standard","meta":{"_lmt_disableupdate":"","_lmt_disable":"","_jetpack_memberships_contains_paid_content":false,"footnotes":""},"categories":[109,46],"tags":[213],"class_list":["post-5315","post","type-post","status-publish","format-standard","has-post-thumbnail","hentry","category-minuto-a-minuto","category-zona-blanca","tag-64-legislatura-de-oaxaca"],"jetpack_featured_media_url":"https:\/\/zonaroja.com.mx\/wp-content\/uploads\/2019\/11\/IMG_3843-1.jpg","jetpack_sharing_enabled":true,"_links":{"self":[{"href":"https:\/\/zonaroja.com.mx\/index.php?rest_route=\/wp\/v2\/posts\/5315","targetHints":{"allow":["GET"]}}],"collection":[{"href":"https:\/\/zonaroja.com.mx\/index.php?rest_route=\/wp\/v2\/posts"}],"about":[{"href":"https:\/\/zonaroja.com.mx\/index.php?rest_route=\/wp\/v2\/types\/post"}],"author":[{"embeddable":true,"href":"https:\/\/zonaroja.com.mx\/index.php?rest_route=\/wp\/v2\/users\/2"}],"replies":[{"embeddable":true,"href":"https:\/\/zonaroja.com.mx\/index.php?rest_route=%2Fwp%2Fv2%2Fcomments&post=5315"}],"version-history":[{"count":2,"href":"https:\/\/zonaroja.com.mx\/index.php?rest_route=\/wp\/v2\/posts\/5315\/revisions"}],"predecessor-version":[{"id":5318,"href":"https:\/\/zonaroja.com.mx\/index.php?rest_route=\/wp\/v2\/posts\/5315\/revisions\/5318"}],"wp:featuredmedia":[{"embeddable":true,"href":"https:\/\/zonaroja.com.mx\/index.php?rest_route=\/wp\/v2\/media\/5316"}],"wp:attachment":[{"href":"https:\/\/zonaroja.com.mx\/index.php?rest_route=%2Fwp%2Fv2%2Fmedia&parent=5315"}],"wp:term":[{"taxonomy":"category","embeddable":true,"href":"https:\/\/zonaroja.com.mx\/index.php?rest_route=%2Fwp%2Fv2%2Fcategories&post=5315"},{"taxonomy":"post_tag","embeddable":true,"href":"https:\/\/zonaroja.com.mx\/index.php?rest_route=%2Fwp%2Fv2%2Ftags&post=5315"}],"curies":[{"name":"wp","href":"https:\/\/api.w.org\/{rel}","templated":true}]}}