{"id":53151,"date":"2023-03-23T15:34:00","date_gmt":"2023-03-23T21:34:00","guid":{"rendered":"http:\/\/www.zonaroja.com.mx\/?p=53151"},"modified":"2023-03-23T15:05:47","modified_gmt":"2023-03-23T21:05:47","slug":"insiste-derechos-humanos-que-el-ieepo-garantice-educacion-a-adolescente-de-manialtepec","status":"publish","type":"post","link":"https:\/\/zonaroja.com.mx\/?p=53151","title":{"rendered":"Insiste Derechos Humanos que el IEEPO garantice educaci\u00f3n a adolescente de Manialtepec"},"content":{"rendered":"\n<p>Redacci\u00f3n\/Zona Roja.<\/p>\n\n\n\n<p>Oaxaca de Ju\u00e1rez, Oax., a 23 de marzo de 2023.- La Defensor\u00eda de los Derechos Humanos del Pueblo de Oaxaca (DDHPO) brinda un proceso de acompa\u00f1amiento a la adolescente P.E.R.H., luego de ser v\u00edctima de actos de discriminaci\u00f3n en su escuela, la Telesecundaria \u201cJos\u00e9 Vasconcelos\u201d de San Jos\u00e9 Manialtepec, por el hecho de elegir portar pantal\u00f3n en lugar de falda.<\/p>\n\n\n\n<p>As\u00ed tambi\u00e9n, la DDHPO hace un llamado a las autoridades, para que busquen medidas alternativas que faciliten la resoluci\u00f3n pac\u00edfica de este conflicto y encuentren un equilibrio que permita una adecuada ponderaci\u00f3n de derechos que coadyuve a conservar la paz en la comunidad.<\/p>\n\n\n\n<p>El organismo defensor considera que la protecci\u00f3n del inter\u00e9s superior de la ni\u00f1ez, as\u00ed como el respeto a la dignidad de las personas y el derecho a la educaci\u00f3n son mucho m\u00e1s importantes que cualquier reglamento escolar.<\/p>\n\n\n\n<p>Ante ello, es fundamental la restituci\u00f3n del derecho a la educaci\u00f3n de la menor P.E.R.H., as\u00ed como del resto de las y los estudiantes de la comunidad educativa de la Telesecundaria \u201cJos\u00e9 Vasconcelos\u201d de San Jos\u00e9 Manialtepec.<\/p>\n\n\n\n<p>De tal forma que la Defensor\u00eda acompa\u00f1a y apoya la decisi\u00f3n de la familia y de la adolescente, de aceptar que se busque su integraci\u00f3n a otra instituci\u00f3n educativa, para que contin\u00fae con su educaci\u00f3n.<\/p>\n\n\n\n<p>La instituci\u00f3n defensora de los derechos humanos se\u00f1al\u00f3 que, a trav\u00e9s del di\u00e1logo pac\u00edfico continuar\u00e1 en la construcci\u00f3n de acuerdos, a fin de llegar a una soluci\u00f3n que permita garantizar el derecho a la educaci\u00f3n de la adolescente.<\/p>\n\n\n\n<p>La Defensor\u00eda reiter\u00f3 el llamado que hizo el 16 de marzo, para considerar el uso de \u201cuniforme escolar neutro\u201d para que las y los estudiantes elijan libremente portar pantal\u00f3n o falda para asistir a clases, ya que las y los estudiantes tienen derecho a tomar la decisi\u00f3n de usar falda o pantal\u00f3n sin ser juzgados ni discriminados, lo que adem\u00e1s contribuye a abatir los estereotipos de g\u00e9nero y las desigualdades, pues las mujeres estudiantes pueden realizar todo tipo de actividades en igualdad de condiciones que sus compa\u00f1eros hombres.<\/p>\n\n\n\n<p>En este sentido la DDHPO, insisti\u00f3 para que las autoridades educativas permitan que sus estudiantes elijan qu\u00e9 uniforme portar y que esto no sea una agravante para prestarles los servicios educativos, puesto que la educaci\u00f3n es un derecho humano que est\u00e1 garantizado para todos sin discriminaci\u00f3n alguna.<\/p>\n\n\n\n<p>El organismo aut\u00f3nomo insisti\u00f3 que, es imprescindible fomentar una cultura de paz basada en el di\u00e1logo y el entendimiento para convivir en armon\u00eda y en pleno respeto a la diversidad, lo cual permite fortalecer en el tejido social una visi\u00f3n de respeto a los derechos humanos de las personas y de prevenci\u00f3n de la discriminaci\u00f3n como base para una vida digna.<\/p>\n\n\n\n<p>Adem\u00e1s de que, consider\u00f3 urgente que el Estado realice acciones que permitan promover el derecho a la no discriminaci\u00f3n en los distintos espacios educativos, como medida de prevenci\u00f3n, pues es necesario combatir prejuicios y estereotipos que favorecen conductas discriminatorias que limitan el acceso a derechos.<\/p>\n","protected":false},"excerpt":{"rendered":"<p>Redacci\u00f3n\/Zona Roja. Oaxaca de Ju\u00e1rez, Oax., a 23 de marzo de 2023.- La Defensor\u00eda de&hellip;<\/p>\n","protected":false},"author":2,"featured_media":53152,"comment_status":"closed","ping_status":"open","sticky":false,"template":"","format":"standard","meta":{"_lmt_disableupdate":"","_lmt_disable":"","_jetpack_memberships_contains_paid_content":false,"footnotes":""},"categories":[109,47],"tags":[286],"class_list":["post-53151","post","type-post","status-publish","format-standard","has-post-thumbnail","hentry","category-minuto-a-minuto","category-zona-gris","tag-defensoria-de-los-derechos-humanos-del-pueblo-de-oaxaca"],"jetpack_featured_media_url":"https:\/\/zonaroja.com.mx\/wp-content\/uploads\/2023\/03\/Escuela-Telesecundaria-Manialtepec.jpeg","jetpack_sharing_enabled":true,"_links":{"self":[{"href":"https:\/\/zonaroja.com.mx\/index.php?rest_route=\/wp\/v2\/posts\/53151","targetHints":{"allow":["GET"]}}],"collection":[{"href":"https:\/\/zonaroja.com.mx\/index.php?rest_route=\/wp\/v2\/posts"}],"about":[{"href":"https:\/\/zonaroja.com.mx\/index.php?rest_route=\/wp\/v2\/types\/post"}],"author":[{"embeddable":true,"href":"https:\/\/zonaroja.com.mx\/index.php?rest_route=\/wp\/v2\/users\/2"}],"replies":[{"embeddable":true,"href":"https:\/\/zonaroja.com.mx\/index.php?rest_route=%2Fwp%2Fv2%2Fcomments&post=53151"}],"version-history":[{"count":1,"href":"https:\/\/zonaroja.com.mx\/index.php?rest_route=\/wp\/v2\/posts\/53151\/revisions"}],"predecessor-version":[{"id":53153,"href":"https:\/\/zonaroja.com.mx\/index.php?rest_route=\/wp\/v2\/posts\/53151\/revisions\/53153"}],"wp:featuredmedia":[{"embeddable":true,"href":"https:\/\/zonaroja.com.mx\/index.php?rest_route=\/wp\/v2\/media\/53152"}],"wp:attachment":[{"href":"https:\/\/zonaroja.com.mx\/index.php?rest_route=%2Fwp%2Fv2%2Fmedia&parent=53151"}],"wp:term":[{"taxonomy":"category","embeddable":true,"href":"https:\/\/zonaroja.com.mx\/index.php?rest_route=%2Fwp%2Fv2%2Fcategories&post=53151"},{"taxonomy":"post_tag","embeddable":true,"href":"https:\/\/zonaroja.com.mx\/index.php?rest_route=%2Fwp%2Fv2%2Ftags&post=53151"}],"curies":[{"name":"wp","href":"https:\/\/api.w.org\/{rel}","templated":true}]}}