{"id":53154,"date":"2023-03-23T15:00:35","date_gmt":"2023-03-23T21:00:35","guid":{"rendered":"http:\/\/www.zonaroja.com.mx\/?p=53154"},"modified":"2023-03-23T15:00:40","modified_gmt":"2023-03-23T21:00:40","slug":"otra-escuela-de-oaxaca-niega-acceso-a-alumno-directivos-lo-agreden-y-amenazan","status":"publish","type":"post","link":"https:\/\/zonaroja.com.mx\/?p=53154","title":{"rendered":"Otra escuela de Oaxaca niega acceso a alumno, directivos lo agreden y amenazan"},"content":{"rendered":"\n<p>Yuridiana Sosa\/Zona Roja.<\/p>\n\n\n\n<p>Oaxaca de Ju\u00e1rez, Oax., a 23 de marzo de 2023.- Por un error administrativo, directivos de la Escuela Secundaria T\u00e9cnica 6, de la ciudad de Oaxaca, niegan el acceso a un estudiante de primer grado, a quien hostigan y agreden f\u00edsica y verbalmente para que abandone el plantel, denunciaron padre de familia y alumno.<\/p>\n\n\n\n<p>\u201cSi vuelves por aqu\u00ed te voy a mandar a golpear y a matar, a ti y a tu padre\u201d, amenaz\u00f3 el director Santos Silva Ponce al estudiante Tristan Alejandro E. M., tras negarle a empujones e insultos el acceso a la instituci\u00f3n este mi\u00e9rcoles, se\u00f1alaron en conferencia de prensa, el presidente de la Asociaci\u00f3n de Padres de Familia, el padre del menor y el estudiante afectado.<\/p>\n\n\n\n<p>El presidente de la Asociaci\u00f3n de Padres, Alberto Ayala Vega, explic\u00f3 que para el ciclo escolar en curso el estudiante cumpli\u00f3 con los pagos correspondientes y la documentaci\u00f3n necesaria para su ingreso, luego de haber cursado en otra escuela el grado que repetir\u00eda.<\/p>\n\n\n\n<p>Los padres cumplieron con el procedimiento en el mes de septiembre, de lo cual hay documentaci\u00f3n de respaldo, pero meses despu\u00e9s la escuela argument\u00f3 que Tristan Alejandro no estaba dado de alta como estudiante de la Secundaria T\u00e9cnica 6 y a partir de eso comenz\u00f3 el hostigamiento.<\/p>\n\n\n\n<p>El padre del menor, Francisco Alejandro E. L.,, indic\u00f3 que tuvieron que recurrir a instancias de derechos humanos y tramitar un amparo judicial para que la escuela permitiera el ingreso de su hijo, sin embargo, ahora el director argumenta que ese amparo \u201clo ech\u00f3 abajo\u201d, sin informarles previamente de la situaci\u00f3n y negarle tambi\u00e9n en varias ocasiones la oportunidad del di\u00e1logo.<\/p>\n\n\n\n<p>Sobre el problema administrativo la subdirecci\u00f3n ejecutiva del Instituto Estatal de Educaci\u00f3n P\u00fablica de Oaxaca (IEEPO) est\u00e1 enterada, pero no ha intervenido, apuntaron.<\/p>\n\n\n\n<p>GRAVES DA\u00d1OS<\/p>\n\n\n\n<p>El menor, Tristan Alejandro, cont\u00f3 que en cinco ocasiones los prefectos y directivos lo han buscado en los salones para sacarlo de la escuela, lo cual tambi\u00e9n representa una afectaci\u00f3n emocional al exponerlo ante sus compa\u00f1eros y maestros.<\/p>\n\n\n\n<p>La peor agresi\u00f3n la recibi\u00f3 este mi\u00e9rcoles, cuando el prefecto de nombre Juan lo sujet\u00f3 para negarle el acceso, al tiempo que tambi\u00e9n intent\u00f3 golpear al presidente de la Asociaci\u00f3n de padres, que lo acompa\u00f1aba.<\/p>\n\n\n\n<p>El trabajador de la escuela le dijo que ten\u00eda \u00f3rdenes del director y el subdirector, para negarle la entrada.<\/p>\n\n\n\n<p>Minutos despu\u00e9s sali\u00f3 el director para reafirmar su indicaci\u00f3n, siendo testigo de m\u00e1s humillaciones del prefecto, sin intervenir, por el contrario, Santos Silva Ponce, le dijo que \u201c\u00e9l no ten\u00eda derecho a la escuela, a la educaci\u00f3n\u201d, adem\u00e1s \u201cera un chamaco problema\u201d.<\/p>\n\n\n\n<p>El director le indic\u00f3 que estaba expulsado y no volviera, por lo que lanz\u00f3 la amenaza de golpearlo o matarlo si volv\u00eda.<\/p>\n","protected":false},"excerpt":{"rendered":"<p>Yuridiana Sosa\/Zona Roja. Oaxaca de Ju\u00e1rez, Oax., a 23 de marzo de 2023.- Por un&hellip;<\/p>\n","protected":false},"author":2,"featured_media":53157,"comment_status":"closed","ping_status":"open","sticky":false,"template":"","format":"standard","meta":{"_lmt_disableupdate":"","_lmt_disable":"","_jetpack_memberships_contains_paid_content":false,"footnotes":""},"categories":[109,47],"tags":[3482],"class_list":["post-53154","post","type-post","status-publish","format-standard","has-post-thumbnail","hentry","category-minuto-a-minuto","category-zona-gris","tag-escuela-secundaria-tecnica-6-oaxaca"],"jetpack_featured_media_url":"https:\/\/zonaroja.com.mx\/wp-content\/uploads\/2023\/03\/Estudiante-Secundaria-Tecnica-6-Oaxaca.jpg","jetpack_sharing_enabled":true,"_links":{"self":[{"href":"https:\/\/zonaroja.com.mx\/index.php?rest_route=\/wp\/v2\/posts\/53154","targetHints":{"allow":["GET"]}}],"collection":[{"href":"https:\/\/zonaroja.com.mx\/index.php?rest_route=\/wp\/v2\/posts"}],"about":[{"href":"https:\/\/zonaroja.com.mx\/index.php?rest_route=\/wp\/v2\/types\/post"}],"author":[{"embeddable":true,"href":"https:\/\/zonaroja.com.mx\/index.php?rest_route=\/wp\/v2\/users\/2"}],"replies":[{"embeddable":true,"href":"https:\/\/zonaroja.com.mx\/index.php?rest_route=%2Fwp%2Fv2%2Fcomments&post=53154"}],"version-history":[{"count":1,"href":"https:\/\/zonaroja.com.mx\/index.php?rest_route=\/wp\/v2\/posts\/53154\/revisions"}],"predecessor-version":[{"id":53158,"href":"https:\/\/zonaroja.com.mx\/index.php?rest_route=\/wp\/v2\/posts\/53154\/revisions\/53158"}],"wp:featuredmedia":[{"embeddable":true,"href":"https:\/\/zonaroja.com.mx\/index.php?rest_route=\/wp\/v2\/media\/53157"}],"wp:attachment":[{"href":"https:\/\/zonaroja.com.mx\/index.php?rest_route=%2Fwp%2Fv2%2Fmedia&parent=53154"}],"wp:term":[{"taxonomy":"category","embeddable":true,"href":"https:\/\/zonaroja.com.mx\/index.php?rest_route=%2Fwp%2Fv2%2Fcategories&post=53154"},{"taxonomy":"post_tag","embeddable":true,"href":"https:\/\/zonaroja.com.mx\/index.php?rest_route=%2Fwp%2Fv2%2Ftags&post=53154"}],"curies":[{"name":"wp","href":"https:\/\/api.w.org\/{rel}","templated":true}]}}