{"id":53164,"date":"2023-03-23T21:10:15","date_gmt":"2023-03-24T03:10:15","guid":{"rendered":"http:\/\/www.zonaroja.com.mx\/?p=53164"},"modified":"2023-03-23T21:10:19","modified_gmt":"2023-03-24T03:10:19","slug":"mientras-gabinete-de-seguridad-informa-logros-asesinan-a-dos-en-oaxaca-uno-es-lider-perredista","status":"publish","type":"post","link":"https:\/\/zonaroja.com.mx\/?p=53164","title":{"rendered":"Mientras gabinete de seguridad informa \u201clogros\u201d, asesinan a dos en Oaxaca; uno es l\u00edder perredista"},"content":{"rendered":"\n<p>Ismael Garc\u00eda M.\/Zona Roja.<\/p>\n\n\n\n<p>Oaxaca de Ju\u00e1rez, Oax., a 23 de marzo de 2023.- Mientras en la ciudad de Oaxaca el gabinete de seguridad del gobierno de Oaxaca informaba supuestos logros, dos personas fueron asesinadas en las \u00faltimas horas, entre ellas un dirigente municipal del PRD.<\/p>\n\n\n\n<p>Esta tarde, en el interior de un pozo tipo noria ubicado en el municipio de Santo Domingo Tomaltepec, en la regi\u00f3n Valles Centrales, fue localizado el cuerpo sin vida de un individuo, atado de pies y manos.<\/p>\n\n\n\n<p>Personal del Heroico Cuerpo de Bomberos acudi\u00f3 a rescatar a la v\u00edctima, cuya identidad a\u00fan se desconoce; presuntamente fue secuestrado, torturado y asesinado a balazos.<\/p>\n\n\n\n<p>Mientras que esta ma\u00f1ana se confirm\u00f3 el asesinato del dirigente del Partido de la Revoluci\u00f3n Democr\u00e1tica (PRD), Mois\u00e9s Ram\u00edrez, de 56 a\u00f1os de edad, en Santa Mar\u00eda Huatulco.<\/p>\n\n\n\n<p>Al parecer fue ultimado a balazos anoche en unas caba\u00f1as ubicadas en la bah\u00eda de San Agust\u00edn, de la zona tur\u00edstica; era originario de la comunidad de La Erradura y hasta el momento se desconoce qui\u00e9n o qui\u00e9nes lo privaron de la vida.<\/p>\n\n\n\n<p>La dirigencia estatal del Partido de la Revoluci\u00f3n Democr\u00e1tica conden\u00f3 los hechos y exigi\u00f3 a las autoridades justicia pronta y castigo contra el o los autores del crimen.<\/p>\n\n\n\n<p>Por otra parte, otro asalto a una cuentahabiente se registr\u00f3 este jueves en la regi\u00f3n del Istmo de Tehuantepec, ahora en Juchit\u00e1n de Zaragoza.<\/p>\n\n\n\n<p>Al menos dos sujetos&nbsp; quitaron con violencia a una mujer el dinero que reci\u00e9n hab\u00eda retirado en una sucursal ubicad en el centro de ese municipio.<\/p>\n\n\n\n<p>En esta ocasi\u00f3n, la polic\u00eda municipal detuvo a dos presuntos autores del atraco y los puso a disposici\u00f3n del Ministerio P\u00fablico.<\/p>\n\n\n\n<p>Mientras que en San Juan Bautista Tuxtepec, sujetos armados intentaron secuestrar a un trabajador del IMSS, de nombre Jorge Francisco A. G., de 36 a\u00f1os de edad.<\/p>\n\n\n\n<p>Lo hab\u00edan subido a su camioneta pero la v\u00edctima logr\u00f3 zafarse y cay\u00f3 al piso; al no lograr su cometido, le dispararon y se robaron su motocicleta, para huir con rumbo desconocido.<\/p>\n","protected":false},"excerpt":{"rendered":"<p>Ismael Garc\u00eda M.\/Zona Roja. Oaxaca de Ju\u00e1rez, Oax., a 23 de marzo de 2023.- Mientras&hellip;<\/p>\n","protected":false},"author":2,"featured_media":53165,"comment_status":"closed","ping_status":"open","sticky":false,"template":"","format":"standard","meta":{"_lmt_disableupdate":"","_lmt_disable":"","_jetpack_memberships_contains_paid_content":false,"footnotes":""},"categories":[109,51],"tags":[1337,3445],"class_list":["post-53164","post","type-post","status-publish","format-standard","has-post-thumbnail","hentry","category-minuto-a-minuto","category-zona-roja","tag-santa-maria-huatulco","tag-santo-domingo-tomaltepec"],"jetpack_featured_media_url":"https:\/\/zonaroja.com.mx\/wp-content\/uploads\/2023\/03\/ASesinado-PRD-Huatulco.jpg","jetpack_sharing_enabled":true,"_links":{"self":[{"href":"https:\/\/zonaroja.com.mx\/index.php?rest_route=\/wp\/v2\/posts\/53164","targetHints":{"allow":["GET"]}}],"collection":[{"href":"https:\/\/zonaroja.com.mx\/index.php?rest_route=\/wp\/v2\/posts"}],"about":[{"href":"https:\/\/zonaroja.com.mx\/index.php?rest_route=\/wp\/v2\/types\/post"}],"author":[{"embeddable":true,"href":"https:\/\/zonaroja.com.mx\/index.php?rest_route=\/wp\/v2\/users\/2"}],"replies":[{"embeddable":true,"href":"https:\/\/zonaroja.com.mx\/index.php?rest_route=%2Fwp%2Fv2%2Fcomments&post=53164"}],"version-history":[{"count":1,"href":"https:\/\/zonaroja.com.mx\/index.php?rest_route=\/wp\/v2\/posts\/53164\/revisions"}],"predecessor-version":[{"id":53166,"href":"https:\/\/zonaroja.com.mx\/index.php?rest_route=\/wp\/v2\/posts\/53164\/revisions\/53166"}],"wp:featuredmedia":[{"embeddable":true,"href":"https:\/\/zonaroja.com.mx\/index.php?rest_route=\/wp\/v2\/media\/53165"}],"wp:attachment":[{"href":"https:\/\/zonaroja.com.mx\/index.php?rest_route=%2Fwp%2Fv2%2Fmedia&parent=53164"}],"wp:term":[{"taxonomy":"category","embeddable":true,"href":"https:\/\/zonaroja.com.mx\/index.php?rest_route=%2Fwp%2Fv2%2Fcategories&post=53164"},{"taxonomy":"post_tag","embeddable":true,"href":"https:\/\/zonaroja.com.mx\/index.php?rest_route=%2Fwp%2Fv2%2Ftags&post=53164"}],"curies":[{"name":"wp","href":"https:\/\/api.w.org\/{rel}","templated":true}]}}