{"id":53167,"date":"2023-03-24T09:30:00","date_gmt":"2023-03-24T15:30:00","guid":{"rendered":"http:\/\/www.zonaroja.com.mx\/?p=53167"},"modified":"2023-03-23T22:12:18","modified_gmt":"2023-03-24T04:12:18","slug":"presentan-feria-empresarial-360-para-el-impulso-y-crecimiento-economico","status":"publish","type":"post","link":"https:\/\/zonaroja.com.mx\/?p=53167","title":{"rendered":"Presentan Feria Empresarial 360 para el impulso y crecimiento econ\u00f3mico"},"content":{"rendered":"\n<p>Yuridiana Sosa\/Zona Roja.<\/p>\n\n\n\n<p>Oaxaca de Ju\u00e1rez, Oax., a 24 de marzo de 2023.- M\u00e1s de 20 empresas oaxaque\u00f1as se unen para la primera Feria Empresarial 360 Grados, surgida a trav\u00e9s de la Plataforma Beneficio 360, que tiene el objetivo de promover e impulsar emprendimientos y empresas locales.<\/p>\n\n\n\n<p>En conferencia de prensa, empresas participantes y directivos del proyecto presentaron la actividad que se llevar\u00e1 a cabo el pr\u00f3ximo fin de semana, 25 y 26 de marzo, en las instalaciones de Casa Romero, a pocos metros del monumento a Benito Ju\u00e1rez sobre la carretera internacional 190, en San Sebasti\u00e1n Tutla.<\/p>\n\n\n\n<p>El director general de Beneficio 360, Adri\u00e1n G\u00f3mez, indic\u00f3 que a trav\u00e9s de este proyecto se busca la vinculaci\u00f3n comercial y ayudar a que las empresas puedan crecer de manera m\u00e1s r\u00e1pida y mejor, ofreciendo beneficios tambi\u00e9n para sus trabajadores.<\/p>\n\n\n\n<p>Por lo que la feria se convierte en un importante espacio para hacer contacto directo con el p\u00fablico y relaciones con otras empresas.<\/p>\n\n\n\n<p>En una primera fase, el objetivo es la creaci\u00f3n de una red de empresas de la capital y Valles Centrales, de las que ya cuentan con 50 participantes, despu\u00e9s a nivel estatal y nacional.<\/p>\n\n\n\n<p>Los socios del proyecto coincidieron en la importancia de realizar estas alianzas o estrategias en el comercio para salir adelante despu\u00e9s de un dif\u00edcil periodo ante la pandemia, pues tener en acompa\u00f1amiento de otras empresas en este proceso facilita el camino del progreso.<\/p>\n\n\n\n<p>LA FERIA<\/p>\n\n\n\n<p>Durante la Feria Empresarial 360 grados el p\u00fablico encontrar\u00e1 empresas de diferentes giros con sus mejores productos, as\u00ed como la exposici\u00f3n de artesanos de la zona.<\/p>\n\n\n\n<p>Las personas podr\u00e1n disfrutar tambi\u00e9n de la gastronom\u00eda local, de muestras de mezcal y mixolog\u00eda, adem\u00e1s de m\u00fasica y presentaciones art\u00edsticas. Todo ello en un horario de 11:00 a 17:00 horas.<\/p>\n\n\n\n<figure class=\"wp-block-embed is-type-rich is-provider-twitter wp-block-embed-twitter\"><div class=\"wp-block-embed__wrapper\">\n<div class=\"twitter-tweet\"><blockquote class=\"twitter-tweet\" data-lang=\"es\"><p lang=\"es\" dir=\"ltr\"><a href=\"https:\/\/twitter.com\/hashtag\/ENVIVO?src=hash&amp;ref_src=twsrc%5Etfw\">#ENVIVO<\/a><br>San Sebasti\u00e1n Tutla, Oax.,  a 23 de marzo de 2023.- Anuncian la Feria Empresarial 360\u00ba, a realizarse del 25 al 26 de marzo en Oaxaca. Aqu\u00ed los detalles:<br><br>Transmisi\u00f3n \ud83d\udc47<a href=\"https:\/\/t.co\/TBtplpRoPZ\">https:\/\/t.co\/TBtplpRoPZ<\/a> <a href=\"https:\/\/t.co\/GjAyPwwUpl\">pic.twitter.com\/GjAyPwwUpl<\/a><\/p>&mdash; Zona Roja Oaxaca (@ZonaRoja_Oaxaca) <a href=\"https:\/\/twitter.com\/ZonaRoja_Oaxaca\/status\/1638987781136605184?ref_src=twsrc%5Etfw\">23 de marzo de 2023<\/a><\/blockquote><\/div>\n<\/div><\/figure>\n","protected":false},"excerpt":{"rendered":"<p>Yuridiana Sosa\/Zona Roja. Oaxaca de Ju\u00e1rez, Oax., a 24 de marzo de 2023.- M\u00e1s de&hellip;<\/p>\n","protected":false},"author":2,"featured_media":53156,"comment_status":"closed","ping_status":"open","sticky":false,"template":"","format":"standard","meta":{"_lmt_disableupdate":"","_lmt_disable":"","_jetpack_memberships_contains_paid_content":false,"footnotes":""},"categories":[109,46],"tags":[3483],"class_list":["post-53167","post","type-post","status-publish","format-standard","has-post-thumbnail","hentry","category-minuto-a-minuto","category-zona-blanca","tag-feria-empresarial-360"],"jetpack_featured_media_url":"https:\/\/zonaroja.com.mx\/wp-content\/uploads\/2023\/03\/Encuentro-empresarial-360.jpg","jetpack_sharing_enabled":true,"_links":{"self":[{"href":"https:\/\/zonaroja.com.mx\/index.php?rest_route=\/wp\/v2\/posts\/53167","targetHints":{"allow":["GET"]}}],"collection":[{"href":"https:\/\/zonaroja.com.mx\/index.php?rest_route=\/wp\/v2\/posts"}],"about":[{"href":"https:\/\/zonaroja.com.mx\/index.php?rest_route=\/wp\/v2\/types\/post"}],"author":[{"embeddable":true,"href":"https:\/\/zonaroja.com.mx\/index.php?rest_route=\/wp\/v2\/users\/2"}],"replies":[{"embeddable":true,"href":"https:\/\/zonaroja.com.mx\/index.php?rest_route=%2Fwp%2Fv2%2Fcomments&post=53167"}],"version-history":[{"count":1,"href":"https:\/\/zonaroja.com.mx\/index.php?rest_route=\/wp\/v2\/posts\/53167\/revisions"}],"predecessor-version":[{"id":53168,"href":"https:\/\/zonaroja.com.mx\/index.php?rest_route=\/wp\/v2\/posts\/53167\/revisions\/53168"}],"wp:featuredmedia":[{"embeddable":true,"href":"https:\/\/zonaroja.com.mx\/index.php?rest_route=\/wp\/v2\/media\/53156"}],"wp:attachment":[{"href":"https:\/\/zonaroja.com.mx\/index.php?rest_route=%2Fwp%2Fv2%2Fmedia&parent=53167"}],"wp:term":[{"taxonomy":"category","embeddable":true,"href":"https:\/\/zonaroja.com.mx\/index.php?rest_route=%2Fwp%2Fv2%2Fcategories&post=53167"},{"taxonomy":"post_tag","embeddable":true,"href":"https:\/\/zonaroja.com.mx\/index.php?rest_route=%2Fwp%2Fv2%2Ftags&post=53167"}],"curies":[{"name":"wp","href":"https:\/\/api.w.org\/{rel}","templated":true}]}}