{"id":53172,"date":"2023-03-24T13:30:00","date_gmt":"2023-03-24T19:30:00","guid":{"rendered":"http:\/\/www.zonaroja.com.mx\/?p=53172"},"modified":"2023-03-24T06:51:35","modified_gmt":"2023-03-24T12:51:35","slug":"ataca-siria-y-mata-a-un-estadounidense-responde-eu-y-lanza-bombardeo","status":"publish","type":"post","link":"https:\/\/zonaroja.com.mx\/?p=53172","title":{"rendered":"Ataca Siria y mata a un estadounidense; responde EU y lanza bombardeo"},"content":{"rendered":"\n<p>Redacci\u00f3n\/Zona Roja Cdmx.<\/p>\n\n\n\n<p>Ciudad de M\u00e9xico, a 24 de marzo de 2023.- El Pent\u00e1gono inform\u00f3 del lanzamiento de bombardeos a\u00e9reos de precisi\u00f3n en el este de Siria, en respuesta a un ataque con dron en una base militar estadunidense que dej\u00f3 un muerto y cinco soldados heridos.&nbsp;<\/p>\n\n\n\n<p>Un comunicado del Departamento de Estado inform\u00f3 que un contratista estadunidense muri\u00f3 y que cinco soldados resultaron heridos cuando \u00abun veh\u00edculo a\u00e9reo no tripulado golpe\u00f3 una instalaci\u00f3n de mantenimiento en la base Coalici\u00f3n cerca de Hasakah, en el noreste de Siria\u00bb.<\/p>\n\n\n\n<p>Otro contratista estadunidense result\u00f3 herido en el ataque, a\u00f1adi\u00f3 el Pent\u00e1gono.<\/p>\n\n\n\n<p>El secretario de Defensa, Lloyd Austin, dijo que autoriz\u00f3 \u00abataques a\u00e9reos de precisi\u00f3n contra instalaciones usadas por grupos afiliados a los Cuerpos de la Guardia Revolucionaria Isl\u00e1mica de Ir\u00e1n\u00bb (IRGC).<\/p>\n\n\n\n<p>\u00abLos ataques a\u00e9reos se llevaron a cabo en respuesta al ataque de hoy, as\u00ed como a una serie de ataques recientes contra fuerzas de la Coalici\u00f3n en Siria por parte de grupos afiliados al IRGC\u00bb, agreg\u00f3.<\/p>\n\n\n\n<p>La comunidad de inteligencia estadunidense eval\u00faa que el UAV (Veh\u00edculo A\u00e9reo No Tripulado) es de origen iran\u00ed\u00bb,&nbsp;seg\u00fan el comunicado del Pent\u00e1gono.<\/p>\n\n\n\n<p>GUERRA EN SIRIA<\/p>\n\n\n\n<p>Cientos de tropas estadunidenses est\u00e1n en Siria como parte de una coalici\u00f3n que combate los remanentes del grupo Estado Isl\u00e1mico (EI) y con frecuencia ha sido blanco de ataques por parte de milicias.<\/p>\n\n\n\n<p>Las tropas de Estados Unidos respaldan a las Fuerzas Democr\u00e1ticas Sirias (FDS), el ej\u00e9rcito de facto de los kurdos en el \u00e1rea, que lider\u00f3 la batalla que derrot\u00f3 al EI en sus \u00faltimos territorios en Siria en 2019.<\/p>\n\n\n\n<p>Dos de los soldados heridos el jueves fueron tratados en el mismo sitio, mientras que los otros tres y el contratista norteamericano fueron evacuados en una misi\u00f3n m\u00e9dica hacia Irak, detall\u00f3 el Pent\u00e1gono.<\/p>\n\n\n\n<p>\u00abComo lo dej\u00f3 claro el presidente Biden, tomaremos todas las medidas necesarias para defender a nuestra gente y siempre responderemos en el tiempo y lugar que escojamos\u00bb, dijo Austin.<\/p>\n\n\n\n<p>Cuando se anunciaron los ataques, Biden se encontraba en Canad\u00e1, donde se re\u00fane con el primer ministro Justin Trudeau y espera dirigirse al Parlamento.<\/p>\n\n\n\n<p>En agosto pasado, Biden orden\u00f3 ataques de represalia similares en la provincia petrolera siria de Deir Ezzor, tras varios acciones con drones a un puesto de avanzada de la coalici\u00f3n, que no causaron muertes.<\/p>\n\n\n\n<p>Ese ataque se produjo el mismo d\u00eda en que medios estatales iran\u00edes anunciaron que un general de la Guardia Revolucionaria hab\u00eda sido asesinado d\u00edas antes, cuando estaba \u00aben una misi\u00f3n en Siria como asesor militar\u201d.<\/p>\n\n\n\n<p>(Informaci\u00f3n de AFP en \u201cMilenio\u201d)<\/p>\n","protected":false},"excerpt":{"rendered":"<p>Redacci\u00f3n\/Zona Roja Cdmx. Ciudad de M\u00e9xico, a 24 de marzo de 2023.- El Pent\u00e1gono inform\u00f3&hellip;<\/p>\n","protected":false},"author":2,"featured_media":53173,"comment_status":"closed","ping_status":"open","sticky":false,"template":"","format":"standard","meta":{"_lmt_disableupdate":"","_lmt_disable":"","_jetpack_memberships_contains_paid_content":false,"footnotes":""},"categories":[109,47],"tags":[3484],"class_list":["post-53172","post","type-post","status-publish","format-standard","has-post-thumbnail","hentry","category-minuto-a-minuto","category-zona-gris","tag-guerra-siria-estados-unidos"],"jetpack_featured_media_url":"https:\/\/zonaroja.com.mx\/wp-content\/uploads\/2023\/03\/Ataque-EU-a-Siria.jpeg","jetpack_sharing_enabled":true,"_links":{"self":[{"href":"https:\/\/zonaroja.com.mx\/index.php?rest_route=\/wp\/v2\/posts\/53172","targetHints":{"allow":["GET"]}}],"collection":[{"href":"https:\/\/zonaroja.com.mx\/index.php?rest_route=\/wp\/v2\/posts"}],"about":[{"href":"https:\/\/zonaroja.com.mx\/index.php?rest_route=\/wp\/v2\/types\/post"}],"author":[{"embeddable":true,"href":"https:\/\/zonaroja.com.mx\/index.php?rest_route=\/wp\/v2\/users\/2"}],"replies":[{"embeddable":true,"href":"https:\/\/zonaroja.com.mx\/index.php?rest_route=%2Fwp%2Fv2%2Fcomments&post=53172"}],"version-history":[{"count":1,"href":"https:\/\/zonaroja.com.mx\/index.php?rest_route=\/wp\/v2\/posts\/53172\/revisions"}],"predecessor-version":[{"id":53174,"href":"https:\/\/zonaroja.com.mx\/index.php?rest_route=\/wp\/v2\/posts\/53172\/revisions\/53174"}],"wp:featuredmedia":[{"embeddable":true,"href":"https:\/\/zonaroja.com.mx\/index.php?rest_route=\/wp\/v2\/media\/53173"}],"wp:attachment":[{"href":"https:\/\/zonaroja.com.mx\/index.php?rest_route=%2Fwp%2Fv2%2Fmedia&parent=53172"}],"wp:term":[{"taxonomy":"category","embeddable":true,"href":"https:\/\/zonaroja.com.mx\/index.php?rest_route=%2Fwp%2Fv2%2Fcategories&post=53172"},{"taxonomy":"post_tag","embeddable":true,"href":"https:\/\/zonaroja.com.mx\/index.php?rest_route=%2Fwp%2Fv2%2Ftags&post=53172"}],"curies":[{"name":"wp","href":"https:\/\/api.w.org\/{rel}","templated":true}]}}