{"id":53177,"date":"2023-03-24T08:30:00","date_gmt":"2023-03-24T14:30:00","guid":{"rendered":"http:\/\/www.zonaroja.com.mx\/?p=53177"},"modified":"2023-03-24T07:12:14","modified_gmt":"2023-03-24T13:12:14","slug":"exige-el-prd-justicia-por-asesinato-de-dirigente-abandonen-demagogia-pide-al-gobierno","status":"publish","type":"post","link":"https:\/\/zonaroja.com.mx\/?p=53177","title":{"rendered":"Exige el PRD justicia por asesinato de dirigente; \u201cabandonen demagogia\u201d, pide al gobierno"},"content":{"rendered":"\n<p>Ismael Garc\u00eda M.\/Zona Roja.<\/p>\n\n\n\n<p>Oaxaca de Ju\u00e1rez, Oax., a 24 de marzo de 2023.- La Direcci\u00f3n Estatal Ejecutiva del Partido de la Revoluci\u00f3n Democr\u00e1tica conden\u00f3 el crimen de su dirigente municipal en Santa Mar\u00eda Huatulco, Mois\u00e9s Ram\u00edrez Aguilar, y exigi\u00f3 castigo contra los autores materiales e intelectuales.<\/p>\n\n\n\n<p>En un comunicado, demand\u00f3 tambi\u00e9n al gobierno que encabeza Salom\u00f3n Jara Cruz a abandonar la demagogia y atender la grave situaci\u00f3n de violencia e inseguridad, pues de lo contrario, la entidad se convertir\u00e1 en un Estado fallido.<\/p>\n\n\n\n<p>\u201cEs lastimoso que, en el marco de la cuarta sesi\u00f3n extraordinaria del Consejo Nacional de Seguridad P\u00fablica, presidida por la Secretaria Ejecutiva del Sistema Nacional de Seguridad P\u00fablica, Clara Luz Flores Carrales, y por el secretario de Gobernaci\u00f3n, Ad\u00e1n Augusto L\u00f3pez Hern\u00e1ndez, los asesinatos en nuestra entidad vayan en aumento y a menos de 24 horas de esta reuni\u00f3n, hayan acontecido cinco homicidios que se suman a la larga lista de actos de violencia e inseguridad en nuestra entidad, lo cual no hace m\u00e1s que acrecentar la demanda ciudadana para que este Gobierno del Estado tome acciones contundentes en materia de seguridad p\u00fablica\u201d, dijo.<\/p>\n\n\n\n<p>Expuso que para el PRD, se est\u00e1 a tiempo para hacer un llamado urgente al Gobernador del Estado (Salom\u00f3n Jara), secretario de Gobierno (Jes\u00fas Romero) y secretario de Seguridad y Protecci\u00f3n Ciudadana (Iv\u00e1n Garc\u00eda), \u201ca que volteen la mirada a este grave problema y abandonen la demagogia, e implementen acciones para frenar la violencia desmedida que est\u00e1 deteriorando el tejido social, ocasionando la ruptura de la paz, convivencia y armon\u00eda de las familias oaxaque\u00f1as, incluida la propia seguridad del estado.<\/p>\n\n\n\n<p>\u201cEste gobierno debe evitar que la violencia y la impunidad se institucionalice y se convierta a nuestra entidad en la genuina expresi\u00f3n de un Estado fallido\u201d, manifest\u00f3 en su comunicado.<\/p>\n\n\n\n<p>Mois\u00e9s Ram\u00edrez Aguilar fue asesinado a balazos la noche del pasado jueves -d\u00eda en que el gabinete de seguridad nacional y gobernadores del pa\u00eds estuvieron en Oaxaca-, afuera de su domicilio en bah\u00eda de San Agust\u00edn, Huatulco.<\/p>\n","protected":false},"excerpt":{"rendered":"<p>Ismael Garc\u00eda M.\/Zona Roja. Oaxaca de Ju\u00e1rez, Oax., a 24 de marzo de 2023.- La&hellip;<\/p>\n","protected":false},"author":2,"featured_media":53180,"comment_status":"closed","ping_status":"open","sticky":false,"template":"","format":"standard","meta":{"_lmt_disableupdate":"","_lmt_disable":"","_jetpack_memberships_contains_paid_content":false,"footnotes":""},"categories":[109,47],"tags":[3485,1337],"class_list":["post-53177","post","type-post","status-publish","format-standard","has-post-thumbnail","hentry","category-minuto-a-minuto","category-zona-gris","tag-moises-ramirez-aguilar","tag-santa-maria-huatulco"],"jetpack_featured_media_url":"https:\/\/zonaroja.com.mx\/wp-content\/uploads\/2023\/03\/Asesinado-Huatulco-PRD-Moises-Ramirez.jpg","jetpack_sharing_enabled":true,"_links":{"self":[{"href":"https:\/\/zonaroja.com.mx\/index.php?rest_route=\/wp\/v2\/posts\/53177","targetHints":{"allow":["GET"]}}],"collection":[{"href":"https:\/\/zonaroja.com.mx\/index.php?rest_route=\/wp\/v2\/posts"}],"about":[{"href":"https:\/\/zonaroja.com.mx\/index.php?rest_route=\/wp\/v2\/types\/post"}],"author":[{"embeddable":true,"href":"https:\/\/zonaroja.com.mx\/index.php?rest_route=\/wp\/v2\/users\/2"}],"replies":[{"embeddable":true,"href":"https:\/\/zonaroja.com.mx\/index.php?rest_route=%2Fwp%2Fv2%2Fcomments&post=53177"}],"version-history":[{"count":1,"href":"https:\/\/zonaroja.com.mx\/index.php?rest_route=\/wp\/v2\/posts\/53177\/revisions"}],"predecessor-version":[{"id":53181,"href":"https:\/\/zonaroja.com.mx\/index.php?rest_route=\/wp\/v2\/posts\/53177\/revisions\/53181"}],"wp:featuredmedia":[{"embeddable":true,"href":"https:\/\/zonaroja.com.mx\/index.php?rest_route=\/wp\/v2\/media\/53180"}],"wp:attachment":[{"href":"https:\/\/zonaroja.com.mx\/index.php?rest_route=%2Fwp%2Fv2%2Fmedia&parent=53177"}],"wp:term":[{"taxonomy":"category","embeddable":true,"href":"https:\/\/zonaroja.com.mx\/index.php?rest_route=%2Fwp%2Fv2%2Fcategories&post=53177"},{"taxonomy":"post_tag","embeddable":true,"href":"https:\/\/zonaroja.com.mx\/index.php?rest_route=%2Fwp%2Fv2%2Ftags&post=53177"}],"curies":[{"name":"wp","href":"https:\/\/api.w.org\/{rel}","templated":true}]}}