{"id":53182,"date":"2023-03-24T12:30:00","date_gmt":"2023-03-24T18:30:00","guid":{"rendered":"http:\/\/www.zonaroja.com.mx\/?p=53182"},"modified":"2023-03-24T07:18:31","modified_gmt":"2023-03-24T13:18:31","slug":"un-corredor-interoceanico-en-municipios-sin-agua-potable-drenaje-y-sin-conexion-aerea","status":"publish","type":"post","link":"https:\/\/zonaroja.com.mx\/?p=53182","title":{"rendered":"Un Corredor Interoce\u00e1nico en municipios sin agua potable, drenaje y sin conexi\u00f3n a\u00e9rea"},"content":{"rendered":"\n<p>Redacci\u00f3n\/BBM Noticias<\/p>\n\n\n\n<p>Oaxaca de Ju\u00e1rez, Oax., a 24 de marzo de 2023.- En uno de los puertos que enlazar\u00e1n al&nbsp;Corredor&nbsp;Interoce\u00e1nico, Salina&nbsp;Cruz,&nbsp;la falta de agua potable preocupa a los inversionistas que est\u00e1n instalando sus empresas en este municipio.&nbsp;<\/p>\n\n\n\n<p>Es el puerto en el Pac\u00edfico mexicano que el Presidente&nbsp;Andr\u00e9s Manuel L\u00f3pez Obrador&nbsp;pretende sea el enlace m\u00e1s importante con el puerto de Coatzacoalcos en el Atl\u00e1ntico.<\/p>\n\n\n\n<p>La ciudad y puerto necesita de pozos que abastezcan del vital l\u00edquido a los habitantes de barrios y colonias, pero principalmente en la zona donde se ubican los terrenos donde podr\u00edan operar las empresas que est\u00e1n por instalarse ante la promesa del&nbsp;Corredor Interoce\u00e1nico.<\/p>\n\n\n\n<p>Salina Cruz no fue dise\u00f1ada para tener un crecimiento como el que podr\u00eda darse con el Corredor Interoce\u00e1nico. Sus colonias y barrios crecieron al \u201cah\u00ed se va\u201d. La poblaci\u00f3n construy\u00f3 sin contar con los servicios b\u00e1sicos: drenaje, agua, energ\u00eda el\u00e9ctrica, etc. Ahora, que la inversi\u00f3n y el crecimiento est\u00e1n por llegar, los inversionistas enfrentan este gran problema.<\/p>\n\n\n\n<p>En d\u00edas pasados, el&nbsp;Sistema&nbsp;del&nbsp;AguaPotable, mediante su administrador&nbsp;Dar\u00edoToledo, neg\u00f3 la conexi\u00f3n a los inversionistas en materia de salud que proyectan la construcci\u00f3n de un hospital de especialidades. Su respuesta fue: \u201cNo puedo darle la conexi\u00f3n porque no tenemos agua para esa zona donde construir\u00e1n\u201d.<\/p>\n\n\n\n<p>LA ZONA, IGUAL<\/p>\n\n\n\n<p>Al igual que Salina Cruz, otros municipios en la franja del Corredor Interoce\u00e1nico, como son Tehuantepec, San Blas Atempa, Mixtequilla, Juchit\u00e1n, Ixtepec, carecen de los servicios de drenaje y agua potable.<\/p>\n\n\n\n<p>El problema de la falta de agua potable en la ciudad y puerto es uno de los principales inconvenientes con lo que se est\u00e1n enfrentando los inversionistas, adem\u00e1s de las trabas y obst\u00e1culos que pone la autoridad municipal para el otorgamiento de los permisos.<\/p>\n\n\n\n<p>\u201cNos ven con el signo de pesos y nos quieren sacar el ojo de una cara cobr\u00e1ndonos cantidades que no se pagan en municipios de otros estados que cuenta con todos los servicios\u201d,&nbsp;denuncian&nbsp;inversionistas&nbsp;de&nbsp;agencias, gasoliner\u00edas, ferreter\u00edas, etc.<\/p>\n\n\n\n<p>El presidente municipal de Salina Cruz Daniel M\u00e9ndez, navega contracorriente del Presidente de M\u00e9xico Andr\u00e9s Manuel L\u00f3pez Obrador, quien a reiterado que apoyar\u00e1 en todo a los inversionistas, dando las facilidades, condonando impuestos, ofreciendo certeza jur\u00eddica y seguridad, con la convicci\u00f3n de que podr\u00e1n encontrar condiciones para invertir en el corredor interoce\u00e1nico, por otra parte la autoridad municipal les quiere cobrar altas cantidades para el otorgamiento de sus licencias.<\/p>\n\n\n\n<p>SIN CONEXI\u00d3N A\u00c9REA<\/p>\n\n\n\n<p>Apenas el jueves, el sector empresarial y productivo de la regi\u00f3n,&nbsp;como Canaco, Canacintra, Proempi A.C. y otros organismos, se reunieron con el jefe del&nbsp;Aeropuerto&nbsp;de&nbsp;Ciudad Ixtepec, preocupados por la falta de una l\u00ednea a\u00e9rea en la regi\u00f3n del Istmo.&nbsp;<\/p>\n\n\n\n<p>Los empresarios precisaron que sin conexi\u00f3n a\u00e9rea y sin v\u00edas de comunicaci\u00f3n no se podr\u00e1 concretar el Corredor Interoce\u00e1nico. Despu\u00e9s de que a principios de a\u00f1o dejar\u00e1 de volar&nbsp;Aeromar a Ixtepec,&nbsp;los istme\u00f1os, inversionistas y profesionistas que llegaron con las obras que se est\u00e1n llevando a cabo en&nbsp;Salina&nbsp;Cruz&nbsp;y en la regi\u00f3n deben viajar a&nbsp;Huatulco,&nbsp;Tuxtla&nbsp;o&nbsp;Coatzacoalcos&nbsp;para tomar un vuelo de avi\u00f3n.&nbsp;<\/p>\n\n\n\n<p>Urge devolver la conectividad a\u00e9rea al Istmo. Enviar\u00e1n un escrito al Gobernador del Estado, Salom\u00f3n Jara Cruz, para que por su conducto haga llegar al Presidente Andr\u00e9s Manuel L\u00f3pez Obrador su solicitud para que l\u00edneas a\u00e9reas volteen su mirada al Istmo de Tehuantepec.&nbsp;<\/p>\n\n\n\n<p>\u201cPreferimos volar del Istmo al Aeropuerto \u2018Felipe \u00c1ngeles\u2019 que viajar por carretera a Huatulco u otros estados a tomar un vuelo comercial\u201d, coincidieron los empresarios.<\/p>\n\n\n\n<p>(Informaci\u00f3n de Alberto Fern\u00e1ndez Portilla)<\/p>\n","protected":false},"excerpt":{"rendered":"<p>Redacci\u00f3n\/BBM Noticias Oaxaca de Ju\u00e1rez, Oax., a 24 de marzo de 2023.- En uno de&hellip;<\/p>\n","protected":false},"author":2,"featured_media":47704,"comment_status":"closed","ping_status":"open","sticky":false,"template":"","format":"standard","meta":{"_lmt_disableupdate":"","_lmt_disable":"","_jetpack_memberships_contains_paid_content":false,"footnotes":""},"categories":[109,47],"tags":[2917],"class_list":["post-53182","post","type-post","status-publish","format-standard","has-post-thumbnail","hentry","category-minuto-a-minuto","category-zona-gris","tag-corredor-interoceanico-oaxaca"],"jetpack_featured_media_url":"https:\/\/zonaroja.com.mx\/wp-content\/uploads\/2022\/11\/Puerto-de-Salina-Cruz-2.jpg","jetpack_sharing_enabled":true,"_links":{"self":[{"href":"https:\/\/zonaroja.com.mx\/index.php?rest_route=\/wp\/v2\/posts\/53182","targetHints":{"allow":["GET"]}}],"collection":[{"href":"https:\/\/zonaroja.com.mx\/index.php?rest_route=\/wp\/v2\/posts"}],"about":[{"href":"https:\/\/zonaroja.com.mx\/index.php?rest_route=\/wp\/v2\/types\/post"}],"author":[{"embeddable":true,"href":"https:\/\/zonaroja.com.mx\/index.php?rest_route=\/wp\/v2\/users\/2"}],"replies":[{"embeddable":true,"href":"https:\/\/zonaroja.com.mx\/index.php?rest_route=%2Fwp%2Fv2%2Fcomments&post=53182"}],"version-history":[{"count":1,"href":"https:\/\/zonaroja.com.mx\/index.php?rest_route=\/wp\/v2\/posts\/53182\/revisions"}],"predecessor-version":[{"id":53183,"href":"https:\/\/zonaroja.com.mx\/index.php?rest_route=\/wp\/v2\/posts\/53182\/revisions\/53183"}],"wp:featuredmedia":[{"embeddable":true,"href":"https:\/\/zonaroja.com.mx\/index.php?rest_route=\/wp\/v2\/media\/47704"}],"wp:attachment":[{"href":"https:\/\/zonaroja.com.mx\/index.php?rest_route=%2Fwp%2Fv2%2Fmedia&parent=53182"}],"wp:term":[{"taxonomy":"category","embeddable":true,"href":"https:\/\/zonaroja.com.mx\/index.php?rest_route=%2Fwp%2Fv2%2Fcategories&post=53182"},{"taxonomy":"post_tag","embeddable":true,"href":"https:\/\/zonaroja.com.mx\/index.php?rest_route=%2Fwp%2Fv2%2Ftags&post=53182"}],"curies":[{"name":"wp","href":"https:\/\/api.w.org\/{rel}","templated":true}]}}