{"id":53184,"date":"2023-03-24T09:18:00","date_gmt":"2023-03-24T15:18:00","guid":{"rendered":"http:\/\/www.zonaroja.com.mx\/?p=53184"},"modified":"2023-03-24T08:15:27","modified_gmt":"2023-03-24T14:15:27","slug":"van-cuatro-dias-de-bloqueo-de-via-a-la-costa-titular-de-sego-amenaza-con-desalojar","status":"publish","type":"post","link":"https:\/\/zonaroja.com.mx\/?p=53184","title":{"rendered":"Van cuatro d\u00edas de bloqueo de v\u00eda a la Costa; titular de Sego amenaza con desalojar"},"content":{"rendered":"\n<p>Redacci\u00f3n\/Zona Roja.<\/p>\n\n\n\n<p>Oaxaca de Ju\u00e1rez, Oax., a 24 de marzo de 2023.- Este viernes se cumplen cuatro d\u00edas del bloqueo a la supercarretera Oaxaca-Costa, tramo Barranca Larga-Ventanilla, por parte de pobladores de San Francisco Coatl\u00e1n, que exigen recursos presupuestales a su cabecera San Pablo Coatl\u00e1n.<\/p>\n\n\n\n<p>Sin embargo, contrario a sus declaraciones de privilegiar el di\u00e1logo, el titular de la Secretar\u00eda de Gobierno (Sego), Jes\u00fas Romero L\u00f3pez, advirti\u00f3 ayer que se tomar\u00e1n decisiones.<\/p>\n\n\n\n<p>La agencia municipal \u201cpodr\u00e1 tener raz\u00f3n en su exigencia de recursos del Ramo 28 a su presidente municipal, quien les establece un monto, cuando ellos quieren otro, y la verdad es que no tiene la culpa ni la autopista ni el gobierno de M\u00e9xico ni los oaxaque\u00f1os todos, de esta exigencia que puede ser leg\u00edtima, insisto, y de una negativa que tambi\u00e9n est\u00e1 sustentada en su asamblea del presidente y hoy tenemos que enfrentarlo.<\/p>\n\n\n\n<p>\u201cYa se tienen que tomar decisiones en estos proyectos estrat\u00e9gicos y hoy mismo volvemos a llamar al di\u00e1logo a quienes est\u00e1n bloqueando en Mogo\u00f1\u00e9 y llamamos con todo el respeto a la autoridad de la agencia municipal de San Francisco Coatl\u00e1n, a retirar ese bloqueo.<\/p>\n\n\n\n<p>\u201cA esas 30-40 personas, a retirar ese bloqueo, porque la obra va a continuar y se van a tomar decisiones, que est\u00e1n en el marco del di\u00e1logo pero tambi\u00e9n est\u00e1n en el marco de la ley; convocamos siempre, pero los cuerpos de seguridad siempre est\u00e1n para para construir esos indicadores\u201d, dijo ayer durante una conferencia de prensa.<\/p>\n\n\n\n<p>Desde el pasado martes, los habitantes de San Francisco Coatl\u00e1n bloquea la obra -que el Presidente Andr\u00e9s Manuel L\u00f3pez Obrador prometi\u00f3 concluir a m\u00e1s tardar en seis meses- en su exigencia de recursos financieros.<\/p>\n\n\n\n<p>El edil de San Pablo Coatl\u00e1n, el priista Abraham L\u00f3pez Mart\u00ednez, quien lleva 12 a\u00f1os en el cargo, se ha negado reiteradamente a cumplir con la solicitud.<\/p>\n\n\n\n<p>Por otra parte, este viernes se cumplen 25 d\u00edas de bloqueo a un tramo de la v\u00eda del ferrocarril, en inmediaciones de Mogo\u00f1\u00e9, San Juan Guichicovi, y que forman parte del Corredor Interoce\u00e1nico, en la demanda de indemnizaci\u00f3n justa de sus tierras.<\/p>\n","protected":false},"excerpt":{"rendered":"<p>Redacci\u00f3n\/Zona Roja. Oaxaca de Ju\u00e1rez, Oax., a 24 de marzo de 2023.- Este viernes se&hellip;<\/p>\n","protected":false},"author":2,"featured_media":53185,"comment_status":"closed","ping_status":"open","sticky":false,"template":"","format":"standard","meta":{"_lmt_disableupdate":"","_lmt_disable":"","_jetpack_memberships_contains_paid_content":false,"footnotes":""},"categories":[109,47],"tags":[3486],"class_list":["post-53184","post","type-post","status-publish","format-standard","has-post-thumbnail","hentry","category-minuto-a-minuto","category-zona-gris","tag-san-francisco-coatlan"],"jetpack_featured_media_url":"https:\/\/zonaroja.com.mx\/wp-content\/uploads\/2023\/03\/Bloqueo-San-Francisco-Coatlan.jpg","jetpack_sharing_enabled":true,"_links":{"self":[{"href":"https:\/\/zonaroja.com.mx\/index.php?rest_route=\/wp\/v2\/posts\/53184","targetHints":{"allow":["GET"]}}],"collection":[{"href":"https:\/\/zonaroja.com.mx\/index.php?rest_route=\/wp\/v2\/posts"}],"about":[{"href":"https:\/\/zonaroja.com.mx\/index.php?rest_route=\/wp\/v2\/types\/post"}],"author":[{"embeddable":true,"href":"https:\/\/zonaroja.com.mx\/index.php?rest_route=\/wp\/v2\/users\/2"}],"replies":[{"embeddable":true,"href":"https:\/\/zonaroja.com.mx\/index.php?rest_route=%2Fwp%2Fv2%2Fcomments&post=53184"}],"version-history":[{"count":1,"href":"https:\/\/zonaroja.com.mx\/index.php?rest_route=\/wp\/v2\/posts\/53184\/revisions"}],"predecessor-version":[{"id":53186,"href":"https:\/\/zonaroja.com.mx\/index.php?rest_route=\/wp\/v2\/posts\/53184\/revisions\/53186"}],"wp:featuredmedia":[{"embeddable":true,"href":"https:\/\/zonaroja.com.mx\/index.php?rest_route=\/wp\/v2\/media\/53185"}],"wp:attachment":[{"href":"https:\/\/zonaroja.com.mx\/index.php?rest_route=%2Fwp%2Fv2%2Fmedia&parent=53184"}],"wp:term":[{"taxonomy":"category","embeddable":true,"href":"https:\/\/zonaroja.com.mx\/index.php?rest_route=%2Fwp%2Fv2%2Fcategories&post=53184"},{"taxonomy":"post_tag","embeddable":true,"href":"https:\/\/zonaroja.com.mx\/index.php?rest_route=%2Fwp%2Fv2%2Ftags&post=53184"}],"curies":[{"name":"wp","href":"https:\/\/api.w.org\/{rel}","templated":true}]}}