{"id":53187,"date":"2023-03-24T10:15:00","date_gmt":"2023-03-24T16:15:00","guid":{"rendered":"http:\/\/www.zonaroja.com.mx\/?p=53187"},"modified":"2023-03-24T08:21:56","modified_gmt":"2023-03-24T14:21:56","slug":"expertos-analizan-en-oaxaca-decisiones-judiciales-sobre-prohibiciones-de-uso-de-plasticos","status":"publish","type":"post","link":"https:\/\/zonaroja.com.mx\/?p=53187","title":{"rendered":"Expertos analizan en Oaxaca decisiones judiciales sobre prohibiciones de uso de pl\u00e1sticos"},"content":{"rendered":"\n<p>Redacci\u00f3n\/Zona Roja.<\/p>\n\n\n\n<p>Oaxaca de Ju\u00e1rez, Oax., a 23 de marzo de 2023.- El Programa de las Naciones Unidas para el Medio Ambiente (PNUMA) con apoyo de la Cooperaci\u00f3n Alemana al Desarrollo Sustentable (GIZ) en M\u00e9xico, la 65 Legislatura del H. Congreso del Estado de Oaxaca y el Gobierno del Estado de Oaxaca, a trav\u00e9s de la Secretar\u00eda de Medio Ambiente, Biodiversidad, Energ\u00edas y Sostenibilidad del Estado de Oaxaca, realizaron el primer foro \u00abDecisiones judiciales sobre prohibiciones de productos pl\u00e1sticos desechables y otras pol\u00edticas\u201d.<\/p>\n\n\n\n<p>La actividad se efectu\u00f3 con el objetivo &nbsp;de crear y fortalecer capacidades a personas clave de la administraci\u00f3n p\u00fablica estatal y municipal, de diferentes entidades federativas y organizaciones de la sociedad civil, sobre las decisiones de la Suprema Corte de Justicia de la Naci\u00f3n (SCJN) en materia de prohibiciones de productos pl\u00e1sticos desechables (PPD).&nbsp;<\/p>\n\n\n\n<p>En el orden internacional, se han impulsado restricciones y\/o prohibiciones de productos de pl\u00e1stico desechables (PPD), desde \u00c1frica, Asia, la Uni\u00f3n Europea, EU, hasta pa\u00edses de Am\u00e9rica Latina y el Caribe, como Colombia, Chile, entre otros. Este tipo de medidas son importantes para reducir el impacto de la contaminaci\u00f3n por este tipo de productos problem\u00e1ticos e innecesarios.&nbsp;<\/p>\n\n\n\n<p>En este sentido, el Programa de las Naciones Unidas para el Medio Ambiente en M\u00e9xico, trabaja fuertemente con los estados y municipios, en el fortalecimiento y creaci\u00f3n de capacidades, as\u00ed como, provee asistencia t\u00e9cnica, cient\u00edfica y legislativa.<\/p>\n\n\n\n<p>A nivel nacional, la mayor\u00eda de los estados han establecido prohibiciones y restricciones a diferentes PPD, entre las que destacan la prohibici\u00f3n del uso bolsas y popotes de pl\u00e1stico desechables y productos elaborados con unicel, as\u00ed como micropl\u00e1sticos a\u00f1adidos en productos de cuidado personal.&nbsp;<\/p>\n\n\n\n<p>Actualmente la GIZ trabaja con aliados en la reducci\u00f3n del ingreso de residuos en las costas del pac\u00edfico y el Caribe mexicano a trav\u00e9s de impulsar la mejora de la gesti\u00f3n de residuos y promover la disminuci\u00f3n del consumo de pl\u00e1sticos de un solo uso.<\/p>\n\n\n\n<p>Por su parte, la titular de la Secretar\u00eda de Medio Ambiente de Oaxaca, Karime Unda Harp, precis\u00f3 que, desde la administraci\u00f3n encabezada por el Gobernador Salom\u00f3n Jara Cruz se encuentra en la b\u00fasqueda de opciones y alternativas eficaces para el manejo de los RSU, que no s\u00f3lo resulte en la soluci\u00f3n al problema, sino &nbsp;que derive &nbsp;tambi\u00e9n en la creaci\u00f3n de una sociedad consciente &nbsp;de los procesos ecol\u00f3gicos, de los impactos que se generan por las actividades humanas, as\u00ed como de la importancia del uso apropiado los recursos naturales.<\/p>\n\n\n\n<p>El r\u00e1pido aumento de los elevados niveles de contaminaci\u00f3n por pl\u00e1sticos representa un grave problema medioambiental a escala mundial, que incide negativamente en las dimensiones econ\u00f3mica, social y ambiental del desarrollo sostenible. Se estima que el pl\u00e1stico representa el 85% de los residuos que llegan a los oc\u00e9anos y se prev\u00e9 que los flujos anuales de contaminaci\u00f3n por pl\u00e1sticos se multipliquen por 2,5 de aqu\u00ed a 2040.&nbsp;<\/p>\n\n\n\n<p>Al respecto, el diputado Luis Alfonso Silva Romo, presidente de la Junta de Coordinaci\u00f3n Pol\u00edtica (Jucopo) del Congreso del Estado, destac\u00f3 tambi\u00e9n que el da\u00f1o ocasionado por el pl\u00e1stico y qu\u00edmicos al medio ambiente ha llegado incluso a la cadena alimenticia, por lo cual, reiter\u00f3 que desde el Congreso de Oaxaca se legisla para reducir estas afectaciones.&nbsp;<\/p>\n\n\n\n<p>\u201cEl Congreso del Estado de Oaxaca ha tomado decisiones legislativas que fueron imitadas de inmediato en muchos estados, decisiones en el sentido de prohibir la utilizaci\u00f3n de pl\u00e1sticos de un solo uso\u201d, indic\u00f3 el legislador al reiterar el compromiso del Poder Legislativo por continuar trabajando para que se garantice en la entidad el derecho a un medio ambiente sano.&nbsp;<\/p>\n\n\n\n<p>En representaci\u00f3n de la Secretar\u00eda de Medio Ambiente y Recursos Naturales (Semarnat), Pilar Tavera G\u00f3mez, Coordinadora de Enlace y Seguimiento Parlamentario explic\u00f3 que, desde el Gobierno de M\u00e9xico se realizan diversos esfuerzos para actualizar la gesti\u00f3n integral de residuos pl\u00e1sticos de un solo uso a trav\u00e9s herramientas basadas en el conocimiento cient\u00edfico a partir de diagn\u00f3sticos actuales.<\/p>\n\n\n\n<p>Ejemplo de ello son el Inventario Nacional de Fuentes de contaminaci\u00f3n Pl\u00e1stica y el Plan Nacional de Acci\u00f3n para residuos marinos de contaminaci\u00f3n Pl\u00e1stica, con la expectativa que sirva como referente a las experiencias para las entidades federativas.<\/p>\n\n\n\n<p>Calculando que, en un escenario sin cambios, en 2040 podr\u00edan llegar a los oc\u00e9anos entre 23 y 37 millones de toneladas m\u00e9tricas al a\u00f1o de residuos pl\u00e1sticos. A la vez, se pronostica que las fugas de micropl\u00e1sticos se dupliquen a nivel mundial, pasando de 2,7 millones de toneladas m\u00e9tricas en 2019 a 5,8 millones de toneladas m\u00e9tricas en 2060.<\/p>\n","protected":false},"excerpt":{"rendered":"<p>Redacci\u00f3n\/Zona Roja. Oaxaca de Ju\u00e1rez, Oax., a 23 de marzo de 2023.- El Programa de&hellip;<\/p>\n","protected":false},"author":2,"featured_media":53179,"comment_status":"closed","ping_status":"open","sticky":false,"template":"","format":"standard","meta":{"_lmt_disableupdate":"","_lmt_disable":"","_jetpack_memberships_contains_paid_content":false,"footnotes":""},"categories":[109,46],"tags":[2721],"class_list":["post-53187","post","type-post","status-publish","format-standard","has-post-thumbnail","hentry","category-minuto-a-minuto","category-zona-blanca","tag-luis-alfonso-silva-romo"],"jetpack_featured_media_url":"https:\/\/zonaroja.com.mx\/wp-content\/uploads\/2023\/03\/FOTO2-Oaxaca-foro-de-decisiones-judiciales.jpeg","jetpack_sharing_enabled":true,"_links":{"self":[{"href":"https:\/\/zonaroja.com.mx\/index.php?rest_route=\/wp\/v2\/posts\/53187","targetHints":{"allow":["GET"]}}],"collection":[{"href":"https:\/\/zonaroja.com.mx\/index.php?rest_route=\/wp\/v2\/posts"}],"about":[{"href":"https:\/\/zonaroja.com.mx\/index.php?rest_route=\/wp\/v2\/types\/post"}],"author":[{"embeddable":true,"href":"https:\/\/zonaroja.com.mx\/index.php?rest_route=\/wp\/v2\/users\/2"}],"replies":[{"embeddable":true,"href":"https:\/\/zonaroja.com.mx\/index.php?rest_route=%2Fwp%2Fv2%2Fcomments&post=53187"}],"version-history":[{"count":1,"href":"https:\/\/zonaroja.com.mx\/index.php?rest_route=\/wp\/v2\/posts\/53187\/revisions"}],"predecessor-version":[{"id":53189,"href":"https:\/\/zonaroja.com.mx\/index.php?rest_route=\/wp\/v2\/posts\/53187\/revisions\/53189"}],"wp:featuredmedia":[{"embeddable":true,"href":"https:\/\/zonaroja.com.mx\/index.php?rest_route=\/wp\/v2\/media\/53179"}],"wp:attachment":[{"href":"https:\/\/zonaroja.com.mx\/index.php?rest_route=%2Fwp%2Fv2%2Fmedia&parent=53187"}],"wp:term":[{"taxonomy":"category","embeddable":true,"href":"https:\/\/zonaroja.com.mx\/index.php?rest_route=%2Fwp%2Fv2%2Fcategories&post=53187"},{"taxonomy":"post_tag","embeddable":true,"href":"https:\/\/zonaroja.com.mx\/index.php?rest_route=%2Fwp%2Fv2%2Ftags&post=53187"}],"curies":[{"name":"wp","href":"https:\/\/api.w.org\/{rel}","templated":true}]}}