{"id":53193,"date":"2023-03-24T19:08:34","date_gmt":"2023-03-25T01:08:34","guid":{"rendered":"http:\/\/www.zonaroja.com.mx\/?p=53193"},"modified":"2023-03-24T19:08:39","modified_gmt":"2023-03-25T01:08:39","slug":"marina-y-policia-de-oaxaca-agreden-y-amenazan-a-inconformes-de-mogone","status":"publish","type":"post","link":"https:\/\/zonaroja.com.mx\/?p=53193","title":{"rendered":"Marina y polic\u00eda de Oaxaca agreden y amenazan a inconformes de Mogo\u00f1\u00e9"},"content":{"rendered":"\n<p>Yuridiana Sosa\/Zona Roja.<\/p>\n\n\n\n<p>Oaxaca de Ju\u00e1rez, Oax.,a 24 de marzo de 2023.- Pobladores de la comunidad de Mogo\u00f1\u00e9 Viejo, municipio de San Juan Guichicovi, denunciaron que una vez m\u00e1s y a 26 d\u00edas de su manifestaci\u00f3n en las v\u00edas f\u00e9rreas, fueron agredidos por elementos de la Secretar\u00eda de Marina y de la Polic\u00eda Estatal.<\/p>\n\n\n\n<p>A esta afectaci\u00f3n, a su derecho a la libre manifestaci\u00f3n y ser atendidos por las autoridades para escuchar sus demandas, se suma la del activista Carlos Beas Torres, integrante del equipo de coordinaci\u00f3n de la Uni\u00f3n de Comunidades Ind\u00edgenas de la Zona Norte del Istmo (Ucizoni A.C.), quien ha sido amenazado constantemente.<\/p>\n\n\n\n<p>Los pobladores se\u00f1alaron que alrededor de las 01:30 horas de hoy arribaron los elementos de las corporaciones estatal y federal para agredirlos con la intenci\u00f3n de retirar el bloqueo a las v\u00edas del en el tramo Mogo\u00f1e Viejo-Vixidu, el cual forma parte del Corredor Interoce\u00e1nico del Istmo de Tehuantepec.<\/p>\n\n\n\n<p>Desde hace 26 d\u00edas su manifestaci\u00f3n se ha desarrollado de manera pac\u00edfica, sin agredir a las autoridades estatales y a la propia Secretar\u00eda de Marina, aseguraron en un comunicado en el que reiteran su exigencia de atenci\u00f3n del Presidente Andr\u00e9s Manuel L\u00f3pez Obrador y el gobernador Salom\u00f3n Jara Cruz.<\/p>\n\n\n\n<p>Como parte del movimiento, el activista Carlos Beas Torres, ha sido amenazado y hostigado con relacionarlo con el crimen organizado y se\u00f1alado como responsable de las movilizaciones, lo cual pone en riesgo su vida.<\/p>\n\n\n\n<p>Ante esta situaci\u00f3n, las comunidades y organizaciones sociales demandaron a los gobiernos federal y estatal cese al hostigamiento de los defensores y activistas y las garant\u00edas de los derechos de los pueblos originarios, quienes en esta ocasi\u00f3n son afectados por el megaproyecto del&nbsp;Corredor Interoce\u00e1nico del Istmo de Tehuantepec, el cual rechazan.<\/p>\n","protected":false},"excerpt":{"rendered":"<p>Yuridiana Sosa\/Zona Roja. Oaxaca de Ju\u00e1rez, Oax.,a 24 de marzo de 2023.- Pobladores de la&hellip;<\/p>\n","protected":false},"author":2,"featured_media":53195,"comment_status":"closed","ping_status":"open","sticky":false,"template":"","format":"standard","meta":{"_lmt_disableupdate":"","_lmt_disable":"","_jetpack_memberships_contains_paid_content":false,"footnotes":""},"categories":[109,47],"tags":[2765],"class_list":["post-53193","post","type-post","status-publish","format-standard","has-post-thumbnail","hentry","category-minuto-a-minuto","category-zona-gris","tag-mogone-san-juan-guichicovi"],"jetpack_featured_media_url":"https:\/\/zonaroja.com.mx\/wp-content\/uploads\/2023\/03\/Agresion-policias-y-Marina-Mogone-Guichicovi.jpg","jetpack_sharing_enabled":true,"_links":{"self":[{"href":"https:\/\/zonaroja.com.mx\/index.php?rest_route=\/wp\/v2\/posts\/53193","targetHints":{"allow":["GET"]}}],"collection":[{"href":"https:\/\/zonaroja.com.mx\/index.php?rest_route=\/wp\/v2\/posts"}],"about":[{"href":"https:\/\/zonaroja.com.mx\/index.php?rest_route=\/wp\/v2\/types\/post"}],"author":[{"embeddable":true,"href":"https:\/\/zonaroja.com.mx\/index.php?rest_route=\/wp\/v2\/users\/2"}],"replies":[{"embeddable":true,"href":"https:\/\/zonaroja.com.mx\/index.php?rest_route=%2Fwp%2Fv2%2Fcomments&post=53193"}],"version-history":[{"count":1,"href":"https:\/\/zonaroja.com.mx\/index.php?rest_route=\/wp\/v2\/posts\/53193\/revisions"}],"predecessor-version":[{"id":53196,"href":"https:\/\/zonaroja.com.mx\/index.php?rest_route=\/wp\/v2\/posts\/53193\/revisions\/53196"}],"wp:featuredmedia":[{"embeddable":true,"href":"https:\/\/zonaroja.com.mx\/index.php?rest_route=\/wp\/v2\/media\/53195"}],"wp:attachment":[{"href":"https:\/\/zonaroja.com.mx\/index.php?rest_route=%2Fwp%2Fv2%2Fmedia&parent=53193"}],"wp:term":[{"taxonomy":"category","embeddable":true,"href":"https:\/\/zonaroja.com.mx\/index.php?rest_route=%2Fwp%2Fv2%2Fcategories&post=53193"},{"taxonomy":"post_tag","embeddable":true,"href":"https:\/\/zonaroja.com.mx\/index.php?rest_route=%2Fwp%2Fv2%2Ftags&post=53193"}],"curies":[{"name":"wp","href":"https:\/\/api.w.org\/{rel}","templated":true}]}}