{"id":53199,"date":"2023-03-24T20:48:00","date_gmt":"2023-03-25T02:48:00","guid":{"rendered":"http:\/\/www.zonaroja.com.mx\/?p=53199"},"modified":"2023-03-24T20:48:01","modified_gmt":"2023-03-25T02:48:01","slug":"autoridad-de-san-lorenzo-cacaotepec-atiende-demandas-de-la-poblacion","status":"publish","type":"post","link":"https:\/\/zonaroja.com.mx\/?p=53199","title":{"rendered":"Autoridad de San Lorenzo Cacaotepec atiende demandas de la poblaci\u00f3n"},"content":{"rendered":"\n<p>Redacci\u00f3n\/Zona Roja.<\/p>\n\n\n\n<p>Oaxaca de Ju\u00e1rez, Oax., a 24 de marzo de 2023.- Con el prop\u00f3sito de fortalecer la unidad y el desarrollo, la autoridad de San Lorenzo Cacaotepec atiende a todos los sectores sociales.<\/p>\n\n\n\n<p>La presidenta municipal Iris Jocel\u00edn L\u00f3pez Zavaleta, detall\u00f3 que hay di\u00e1logo permanente con toda la poblaci\u00f3n, a fin de escuchar sus demandas y atender las peticiones de obras o acciones sociales que se requieren.<\/p>\n\n\n\n<p>Una vez analizada la viabilidad de las peticiones y con base en los recursos financieros, se dar\u00e1 respuesta puntual a las demandas, inform\u00f3.<\/p>\n\n\n\n<p>Detall\u00f3 que como primera mujer al frente del ayuntamiento, responder\u00e1 a los retos y demostrar\u00e1 con hechos que San Lorenzo Cacaotepec tom\u00f3 la mejor decisi\u00f3n en su persona.<\/p>\n\n\n\n<p>Abund\u00f3 que recorre los asentamientos y las agencias municipales de manera continua, pues est\u00e1 convencida de que el di\u00e1logo y al acercamiento constante abonar\u00e1n para un trabajo arm\u00f3nico a favor de la poblaci\u00f3n.<\/p>\n\n\n\n<p>La presidenta municipal presidi\u00f3 a inicios de esta semana la conmemoraci\u00f3n del 217 aniversario del natalicio de don Benito Ju\u00e1rez Garc\u00eda, donde refrend\u00f3 su vocaci\u00f3n juarista y democr\u00e1tica.<\/p>\n\n\n\n<p>En este acto c\u00edvico se cont\u00f3 con la participaci\u00f3n de la banda de guerra y la escolta de la escuela primaria \u201cJuan Jacobo Rousseau\u201d del Rancho la Era, as\u00ed como la presencia de las y los integrantes del Cabildo, elementos de la Polic\u00eda Municipal, personal del ayuntamiento, ciudadanos y ciudadanas de la localidad.<\/p>\n","protected":false},"excerpt":{"rendered":"<p>Redacci\u00f3n\/Zona Roja. Oaxaca de Ju\u00e1rez, Oax., a 24 de marzo de 2023.- Con el prop\u00f3sito&hellip;<\/p>\n","protected":false},"author":2,"featured_media":53188,"comment_status":"closed","ping_status":"open","sticky":false,"template":"","format":"standard","meta":{"_lmt_disableupdate":"","_lmt_disable":"","_jetpack_memberships_contains_paid_content":false,"footnotes":""},"categories":[109,46],"tags":[846],"class_list":["post-53199","post","type-post","status-publish","format-standard","has-post-thumbnail","hentry","category-minuto-a-minuto","category-zona-blanca","tag-san-lorenzo-cacaotepec"],"jetpack_featured_media_url":"https:\/\/zonaroja.com.mx\/wp-content\/uploads\/2023\/03\/San-Lorenzo-Cacaotepec.jpg","jetpack_sharing_enabled":true,"_links":{"self":[{"href":"https:\/\/zonaroja.com.mx\/index.php?rest_route=\/wp\/v2\/posts\/53199","targetHints":{"allow":["GET"]}}],"collection":[{"href":"https:\/\/zonaroja.com.mx\/index.php?rest_route=\/wp\/v2\/posts"}],"about":[{"href":"https:\/\/zonaroja.com.mx\/index.php?rest_route=\/wp\/v2\/types\/post"}],"author":[{"embeddable":true,"href":"https:\/\/zonaroja.com.mx\/index.php?rest_route=\/wp\/v2\/users\/2"}],"replies":[{"embeddable":true,"href":"https:\/\/zonaroja.com.mx\/index.php?rest_route=%2Fwp%2Fv2%2Fcomments&post=53199"}],"version-history":[{"count":1,"href":"https:\/\/zonaroja.com.mx\/index.php?rest_route=\/wp\/v2\/posts\/53199\/revisions"}],"predecessor-version":[{"id":53200,"href":"https:\/\/zonaroja.com.mx\/index.php?rest_route=\/wp\/v2\/posts\/53199\/revisions\/53200"}],"wp:featuredmedia":[{"embeddable":true,"href":"https:\/\/zonaroja.com.mx\/index.php?rest_route=\/wp\/v2\/media\/53188"}],"wp:attachment":[{"href":"https:\/\/zonaroja.com.mx\/index.php?rest_route=%2Fwp%2Fv2%2Fmedia&parent=53199"}],"wp:term":[{"taxonomy":"category","embeddable":true,"href":"https:\/\/zonaroja.com.mx\/index.php?rest_route=%2Fwp%2Fv2%2Fcategories&post=53199"},{"taxonomy":"post_tag","embeddable":true,"href":"https:\/\/zonaroja.com.mx\/index.php?rest_route=%2Fwp%2Fv2%2Ftags&post=53199"}],"curies":[{"name":"wp","href":"https:\/\/api.w.org\/{rel}","templated":true}]}}