{"id":53201,"date":"2023-03-25T11:00:00","date_gmt":"2023-03-25T17:00:00","guid":{"rendered":"http:\/\/www.zonaroja.com.mx\/?p=53201"},"modified":"2023-03-25T07:58:53","modified_gmt":"2023-03-25T13:58:53","slug":"elige-el-ieepco-a-una-mujer-como-titular-de-la-secretaria-ejecutiva","status":"publish","type":"post","link":"https:\/\/zonaroja.com.mx\/?p=53201","title":{"rendered":"Elige el IEEPCO a una mujer como titular de la Secretar\u00eda Ejecutiva"},"content":{"rendered":"\n<p>Redacci\u00f3n\/Zona Roja.<\/p>\n\n\n\n<p>Oaxaca de Ju\u00e1rez, Oax., a 25 de marzo de 2023.- Por unanimidad de votos del Consejo General del Instituto Estatal Electoral y de Participaci\u00f3n Ciudadana de Oaxaca, Iliana Araceli Hern\u00e1ndez G\u00f3mez ha sido designada como titular de la Secretar\u00eda Ejecutiva, por un periodo de tres a\u00f1os.&nbsp;<\/p>\n\n\n\n<p>La nueva Secretaria Ejecutiva de este Organismo P\u00fablico Local, es licenciada en Derecho y Ciencias Sociales, por la Universidad Aut\u00f3noma \u201cBenito Ju\u00e1rez\u201d de Oaxaca, y cuenta con estudios concluidos de Maestr\u00eda en Filosof\u00eda del Derecho y Pol\u00edtica, UABJO-ITAM. &nbsp;<\/p>\n\n\n\n<p>A lo largo de los casi 35 a\u00f1os de su carrera en la funci\u00f3n p\u00fablica, Iliana Hern\u00e1ndez, se ha desempe\u00f1ado en diversos cargos de la administraci\u00f3n p\u00fablica municipal, estatal y federal. &nbsp;<\/p>\n\n\n\n<p>Entre los cargos m\u00e1s relevantes que ha desempe\u00f1ado durante su trayectoria profesional se encuentra el de procuradora de la Defensa del Menor, la Mujer y la Familia del estado de Oaxaca; directora general del Instituto Municipal de la Mujer de Oaxaca de Ju\u00e1rez; y el de fiscal Estatal Especializada para la Atenci\u00f3n de Delitos contra la Mujer por raz\u00f3n de g\u00e9nero, este \u00faltimo durante un periodo de nueve a\u00f1os.&nbsp;<\/p>\n\n\n\n<p>Durante la sesi\u00f3n extraordinaria del Consejo General, las consejer\u00edas electorales manifestaron su reconocimiento a la amplia trayectoria profesional de la Iliana Hern\u00e1ndez, su profundo compromiso con los derechos de las mujeres, as\u00ed como las capacidades directivas que posee como resultado de su experiencia en cargos de liderazgo.&nbsp;<\/p>\n\n\n\n<figure class=\"wp-block-embed is-type-rich is-provider-twitter wp-block-embed-twitter\"><div class=\"wp-block-embed__wrapper\">\n<div class=\"twitter-tweet\"><blockquote class=\"twitter-tweet\" data-lang=\"es\"><p lang=\"es\" dir=\"ltr\">Este d\u00eda, el Consejo General del <a href=\"https:\/\/twitter.com\/IEEPCO?ref_src=twsrc%5Etfw\">@IEEPCO<\/a> design\u00f3, por unanimidad de votos, a la maestra Iliana Araceli Hern\u00e1ndez G\u00f3mez, como titular de la Secretar\u00eda Ejecutiva. Conf\u00edo en que har\u00e1 un gran trabajo en beneficio de la democracia oaxaque\u00f1a. <br>\u00a1Enhorabuena! <a href=\"https:\/\/t.co\/Ok3PnWd0iS\">pic.twitter.com\/Ok3PnWd0iS<\/a><\/p>&mdash; Elizabeth Sanchezg. (@Bidxa_a) <a href=\"https:\/\/twitter.com\/Bidxa_a\/status\/1639314313608577024?ref_src=twsrc%5Etfw\">24 de marzo de 2023<\/a><\/blockquote><\/div>\n<\/div><\/figure>\n\n\n\n<p>Consejer\u00edas y representaciones de los partidos pol\u00edticos coincidieron en la relevancia que posee el cargo de la Secretar\u00eda Ejecutiva para el adecuado funcionamiento de este organismo electoral y para la consecuci\u00f3n de sus fines. Exhortaron a la nueva titular a continuar con el trabajo en equipo y a sostener una comunicaci\u00f3n constante.&nbsp;<\/p>\n\n\n\n<p>Durante la misma sesi\u00f3n del colegiado, la presidenta del Consejo General, Elizabeth S\u00e1nchez Gonz\u00e1lez, tom\u00f3 protesta de ley a la titular reci\u00e9n designada. Con ello, Iliana Araceli Hern\u00e1ndez G\u00f3mez se suma a la lista de mujeres que desempe\u00f1an el cargo de la Secretar\u00eda Ejecutiva en los Organismos P\u00fablicos Electorales del pa\u00eds.&nbsp;<\/p>\n\n\n\n<p>Actualmente, s\u00f3lo doce organismos electorales locales cuentan con una mujer como Secretaria Ejecutiva. Tres de ellas son encargadas de despacho en los estados de Durango, Hidalgo y Nuevo Le\u00f3n; las nueve restantes fungen como titulares de la Secretar\u00eda Ejecutiva en los organismos p\u00fablicos locales de Campeche, Guanajuato, Michoac\u00e1n, Nayarit, Quintana Roo, San Luis Potos\u00ed, Sonora, Tlaxcala y, desde hoy, Oaxaca.&nbsp;<\/p>\n\n\n\n<p>La sesi\u00f3n fue encabezada por la Consejera Presidenta, Elizabeth S\u00e1nchez Gonz\u00e1lez, las consejeras electorales Carmelita Sibaja Ochoa, Jessica Jazibe Hern\u00e1ndez Garc\u00eda, Nayma Enr\u00edquez Estrada y Zaira Alhel\u00ed Hip\u00f3lito L\u00f3pez; los consejeros electorales, Alejandro Carrasco Sampedro y Wilfrido Lulio Almaraz Santib\u00e1\u00f1ez; as\u00ed como las representaciones de los partidos pol\u00edticos. &nbsp;<\/p>\n\n\n\n<p>Las personas que integran el Consejo General brindaron su reconocimiento y agradecieron el trabajo realizado por Norma Isabel Jim\u00e9nez L\u00f3pez, quien concluy\u00f3 su encargadur\u00eda de despacho en la Secretar\u00eda Ejecutiva del IEEPCO.&nbsp;<\/p>\n","protected":false},"excerpt":{"rendered":"<p>Redacci\u00f3n\/Zona Roja. Oaxaca de Ju\u00e1rez, Oax., a 25 de marzo de 2023.- Por unanimidad de&hellip;<\/p>\n","protected":false},"author":2,"featured_media":53205,"comment_status":"closed","ping_status":"open","sticky":false,"template":"","format":"standard","meta":{"_lmt_disableupdate":"","_lmt_disable":"","_jetpack_memberships_contains_paid_content":false,"footnotes":""},"categories":[109,46],"tags":[2932],"class_list":["post-53201","post","type-post","status-publish","format-standard","has-post-thumbnail","hentry","category-minuto-a-minuto","category-zona-blanca","tag-instituto-estatal-electoral-y-de-participacion-ciudadana-de-oaxaca-ieepco"],"jetpack_featured_media_url":"https:\/\/zonaroja.com.mx\/wp-content\/uploads\/2023\/03\/Designacion-Ileana-Aracely-IEEPCO.jpg","jetpack_sharing_enabled":true,"_links":{"self":[{"href":"https:\/\/zonaroja.com.mx\/index.php?rest_route=\/wp\/v2\/posts\/53201","targetHints":{"allow":["GET"]}}],"collection":[{"href":"https:\/\/zonaroja.com.mx\/index.php?rest_route=\/wp\/v2\/posts"}],"about":[{"href":"https:\/\/zonaroja.com.mx\/index.php?rest_route=\/wp\/v2\/types\/post"}],"author":[{"embeddable":true,"href":"https:\/\/zonaroja.com.mx\/index.php?rest_route=\/wp\/v2\/users\/2"}],"replies":[{"embeddable":true,"href":"https:\/\/zonaroja.com.mx\/index.php?rest_route=%2Fwp%2Fv2%2Fcomments&post=53201"}],"version-history":[{"count":2,"href":"https:\/\/zonaroja.com.mx\/index.php?rest_route=\/wp\/v2\/posts\/53201\/revisions"}],"predecessor-version":[{"id":53227,"href":"https:\/\/zonaroja.com.mx\/index.php?rest_route=\/wp\/v2\/posts\/53201\/revisions\/53227"}],"wp:featuredmedia":[{"embeddable":true,"href":"https:\/\/zonaroja.com.mx\/index.php?rest_route=\/wp\/v2\/media\/53205"}],"wp:attachment":[{"href":"https:\/\/zonaroja.com.mx\/index.php?rest_route=%2Fwp%2Fv2%2Fmedia&parent=53201"}],"wp:term":[{"taxonomy":"category","embeddable":true,"href":"https:\/\/zonaroja.com.mx\/index.php?rest_route=%2Fwp%2Fv2%2Fcategories&post=53201"},{"taxonomy":"post_tag","embeddable":true,"href":"https:\/\/zonaroja.com.mx\/index.php?rest_route=%2Fwp%2Fv2%2Ftags&post=53201"}],"curies":[{"name":"wp","href":"https:\/\/api.w.org\/{rel}","templated":true}]}}