{"id":53211,"date":"2023-03-25T16:44:00","date_gmt":"2023-03-25T22:44:00","guid":{"rendered":"http:\/\/www.zonaroja.com.mx\/?p=53211"},"modified":"2023-03-25T17:11:45","modified_gmt":"2023-03-25T23:11:45","slug":"lanzan-peticion-en-change-org-para-restitucion-de-primera-imagen-para-la-guelaguetza","status":"publish","type":"post","link":"https:\/\/zonaroja.com.mx\/?p=53211","title":{"rendered":"Lanzan petici\u00f3n en Change.org para restituci\u00f3n de primera imagen para la Guelaguetza"},"content":{"rendered":"\n<p>Yuridiana Sosa\/Zona Roja.<\/p>\n\n\n\n<p>Oaxaca de Ju\u00e1rez, Oax., a 25 de marzo de 2023.- Artistas pl\u00e1sticos, pintores, gestores culturales y dem\u00e1s miembros de la comunidad art\u00edstica oaxaque\u00f1a lanzaron una petici\u00f3n en la plataforma Change.org para que el gobierno de Oaxaca restituya, como la imagen oficial de la Guelaguetza 2023 la obra \u201cBordados de tradici\u00f3n e identidad\u201d, primera ganadora de la convocatoria.<\/p>\n\n\n\n<p>A m\u00e1s de una semana que la Secretar\u00eda de Turismo de Oaxaca se retract\u00f3 de su decisi\u00f3n y eligi\u00f3 otra obra como imagen de la m\u00e1xima fiesta de los oaxaque\u00f1os, el evento sigue causando pol\u00e9mica e indignaci\u00f3n entre la comunidad art\u00edstica de la identidad al referir que gobierno actu\u00f3 sin respeto a su misma convocatoria y por \u201cimpulso\u201d.<\/p>\n\n\n\n<p>\u201cEl Gobierno del Estado de Oaxaca a trav\u00e9s de la Secretar\u00eda de Turismo, dio a conocer de manera oficial el resultado de ese certamen, informando p\u00fablicamente que la obra elegida por el jurado calificador, integrado por personas expertas en artes gr\u00e1ficas, en primera instancia es la de \u2018Bordados de tradici\u00f3n e identidad\u201d\u2019, creaci\u00f3n del artista pl\u00e1stico Luis Fernando Ram\u00edrez Garc\u00eda.&nbsp;<\/p>\n\n\n\n<p>\u201cY por tanto conforme al punto cinco del proceso de selecci\u00f3n, ser\u00eda la imagen oficial de las celebraciones pr\u00f3ximas. No obstante, horas despu\u00e9s la misma dependencia anunci\u00f3 una nueva selecci\u00f3n retir\u00e1ndole al legitimo ganador, el premio, bajo argumentos insostenibles y contradictorios, violando las bases de la misma convocatoria emitida para tal fin\u201d, explica la petici\u00f3n en la plataforma mundial.<\/p>\n\n\n\n<p>Por lo que, para hacer valer la clausura de la convocatoria que dice: \u201cEl fallo del jurado ser\u00e1 inapelable\u201d, lanzaron una colecta de firmas para que el gobierno de Oaxaca y organizadores del concurso reconozcan al leg\u00edtimo ganador del concurso, Luis Fernando Ram\u00edrez Garc\u00eda, y restituya su obra y el premio correspondiente.<\/p>\n\n\n\n<p>As\u00ed tambi\u00e9n, solicitan que se ofrezca una disculpa p\u00fablica al joven artista Luis Fernando, por el da\u00f1o moral causado a su persona.<\/p>\n\n\n\n<p>\u201cNo se puede gobernar a base de impulsos de una voluntad caprichosa, sino con sujeci\u00f3n a las leyes: Benito Ju\u00e1rez Garc\u00eda\u201d, sentenciaron los artistas.<\/p>\n\n\n\n<p>Quienes firman de primera instancia la petici\u00f3n son el artista pl\u00e1stico y compositor, V\u00edctor Echeverr\u00eda; Miriam Ladr\u00f3n de Guevara, artista pl\u00e1stica visual; Enrique Guajiro L\u00f3pez, cantautor y gestor cultural; Soledad Velasco Hern\u00e1ndez, pintora; Silvia Martell, actriz y directora de teatro; Francisco Shahib, pintor; Patricia L\u00f3pez Hern\u00e1ndez, core\u00f3grafa e investigadora; Eduardo Luna \u00c1ngel, compositor y director de orquesta; Abigail Maritxu Aranda, artista pl\u00e1stica visual y curadora e In\u00e9s Lara, escultora.<\/p>\n\n\n\n<p>A su vez, demandan a la poblaci\u00f3n oaxaque\u00f1a a sumarse a esta petici\u00f3n para lograr que las autoridades rectifiquen su decisi\u00f3n.<\/p>\n\n\n\n<p>Es la segunda ocasi\u00f3n en que comunidades ciudadanas se unen para demandar al gobierno de Oaxaca al menos una disculpa p\u00fablica al estudiante de Escuela&nbsp;de&nbsp;Artes Pl\u00e1sticas y Visuales&nbsp;de&nbsp;la UABJO, instituci\u00f3n que tambi\u00e9n exigi\u00f3 la reparaci\u00f3n del da\u00f1o para el joven artista.<\/p>\n","protected":false},"excerpt":{"rendered":"<p>Yuridiana Sosa\/Zona Roja. Oaxaca de Ju\u00e1rez, Oax., a 25 de marzo de 2023.- Artistas pl\u00e1sticos,&hellip;<\/p>\n","protected":false},"author":2,"featured_media":52942,"comment_status":"closed","ping_status":"open","sticky":false,"template":"","format":"standard","meta":{"_lmt_disableupdate":"","_lmt_disable":"","_jetpack_memberships_contains_paid_content":false,"footnotes":""},"categories":[109,46],"tags":[3471],"class_list":["post-53211","post","type-post","status-publish","format-standard","has-post-thumbnail","hentry","category-minuto-a-minuto","category-zona-blanca","tag-luis-fernando-ramirez-garcia"],"jetpack_featured_media_url":"https:\/\/zonaroja.com.mx\/wp-content\/uploads\/2023\/03\/Luis-Fernando-Ramirez-Guelaguetza.jpeg","jetpack_sharing_enabled":true,"_links":{"self":[{"href":"https:\/\/zonaroja.com.mx\/index.php?rest_route=\/wp\/v2\/posts\/53211","targetHints":{"allow":["GET"]}}],"collection":[{"href":"https:\/\/zonaroja.com.mx\/index.php?rest_route=\/wp\/v2\/posts"}],"about":[{"href":"https:\/\/zonaroja.com.mx\/index.php?rest_route=\/wp\/v2\/types\/post"}],"author":[{"embeddable":true,"href":"https:\/\/zonaroja.com.mx\/index.php?rest_route=\/wp\/v2\/users\/2"}],"replies":[{"embeddable":true,"href":"https:\/\/zonaroja.com.mx\/index.php?rest_route=%2Fwp%2Fv2%2Fcomments&post=53211"}],"version-history":[{"count":1,"href":"https:\/\/zonaroja.com.mx\/index.php?rest_route=\/wp\/v2\/posts\/53211\/revisions"}],"predecessor-version":[{"id":53212,"href":"https:\/\/zonaroja.com.mx\/index.php?rest_route=\/wp\/v2\/posts\/53211\/revisions\/53212"}],"wp:featuredmedia":[{"embeddable":true,"href":"https:\/\/zonaroja.com.mx\/index.php?rest_route=\/wp\/v2\/media\/52942"}],"wp:attachment":[{"href":"https:\/\/zonaroja.com.mx\/index.php?rest_route=%2Fwp%2Fv2%2Fmedia&parent=53211"}],"wp:term":[{"taxonomy":"category","embeddable":true,"href":"https:\/\/zonaroja.com.mx\/index.php?rest_route=%2Fwp%2Fv2%2Fcategories&post=53211"},{"taxonomy":"post_tag","embeddable":true,"href":"https:\/\/zonaroja.com.mx\/index.php?rest_route=%2Fwp%2Fv2%2Ftags&post=53211"}],"curies":[{"name":"wp","href":"https:\/\/api.w.org\/{rel}","templated":true}]}}