{"id":5322,"date":"2019-11-01T14:44:11","date_gmt":"2019-11-01T20:44:11","guid":{"rendered":"http:\/\/www.zonaroja.com.mx\/?p=5322"},"modified":"2019-11-01T14:44:14","modified_gmt":"2019-11-01T20:44:14","slug":"sin-justificar-destino-de-mas-de-3-6-billones-en-el-ultimo-ano-epn","status":"publish","type":"post","link":"https:\/\/zonaroja.com.mx\/?p=5322","title":{"rendered":"Sin justificar, destino de m\u00e1s de 3.6 billones en el \u00faltimo a\u00f1o EPN"},"content":{"rendered":"\n<p>Redacci\u00f3n\/Zona\nRoja Cdmx.<\/p>\n\n\n\n<p>Ciudad de\nM\u00e9xico, 1 de noviembre de 2019.- En la segunda revisi\u00f3n de la cuenta p\u00fablica\n2018, la Auditor\u00eda Superior de la Federaci\u00f3n (ASF) detect\u00f3 una tendencia\nerr\u00e1tica y discrecional del presupuesto ejercido en el \u00faltimo a\u00f1o de gobierno\nde Enrique Pe\u00f1a Nieto, donde no se han justificado a cabalidad tres billones\n624.2 mil millones de pesos, producto de m\u00e1s de 88 mil adecuaciones, como\nsubejercicios y modificaciones al gasto.<\/p>\n\n\n\n<p>De acuerdo\ncon informaci\u00f3n dada a conocer por \u201cLa Jornada\u201d, en lo que lleva auditado de\nese a\u00f1o &#8211;marcado por el proceso electoral-\u2013, el \u00f3rgano fiscalizador observ\u00f3\nque presuntamente se utilizaron de forma irregular 46 mil 509.4 millones de\npesos, de los cuales cinco mil millones corresponden al presupuesto\nfederalizado dirigido a los estados.<\/p>\n\n\n\n<p>Ayer se\nrealiz\u00f3 la segunda entrega del Informe de resultados de fiscalizaci\u00f3n superior\nde la cuenta p\u00fablica 2018. En el mensaje del titular de la ASF, David\nColmenares P\u00e1ramo, se establece: <\/p>\n\n\n\n<p>\u201cEn las\netapas de ejercicio y control se detect\u00f3 una tendencia err\u00e1tica y discrecional\ndel presupuesto federal, ya que el monto ejercido no ha sido igual o similar a\nlo aprobado por el Poder Legislativo. Para 2018, la erogaci\u00f3n neta total del\ngobierno fue de cinco billones 611.6 mil millones de pesos, sin la debida\njustificaci\u00f3n de las 88 mil 363 adecuaciones por tres billones 624.2 mil\nmillones, que significaron 60 por ciento del gasto neto total\u201d.<\/p>\n\n\n\n<p>En esta\nsegunda entrega se presentaron 668 informes individuales, que deben sumarse a\nlos 268 de junio pasado, que representan 52 por ciento de las mil 811\nauditor\u00edas programadas para esa cuenta p\u00fablica.<\/p>\n\n\n\n<p>En ellas\ndetect\u00f3 que se utilizaron de forma presuntamente irregular 46 mil 509.4\nmillones de pesos (10 mil 245 millones ubicados en el primer informe y 36 mil\n264 millones en el reporte entregado ayer).<\/p>\n\n\n\n<p>Debido a la\nfalta de tiempo, en su mensaje le\u00eddo ante la Comisi\u00f3n de Vigilancia de la\nC\u00e1mara de Diputados, Colmenares P\u00e1ramo no pudo decir ante los legisladores los\nmontos correspondientes, pero esas cifras se asientan en el documento que al\nfinal del acto se distribuy\u00f3 ante representantes de los medios de comunicaci\u00f3n.<\/p>\n\n\n\n<p>Entre los\nprincipales casos de probables fallas u omisiones en el ejercicio de los\nrecursos se encuentran presuntas irregularidades en las empresas productivas y\nsubsidiaras de la Comisi\u00f3n Federal de Electricidad, as\u00ed como en el transporte y\nsuministro de gas natural realizado por esta ex paraestatal; en el Sistema\nNacional de Donaci\u00f3n Sangu\u00ednea, en el Fondo Nacional de Infraestructura, en las\nobras del Nuevo Aeropuerto Internacional de M\u00e9xico (NAIM) \u2013que se construir\u00eda\nen Texcoco\u2013 y en los trenes interurbano M\u00e9xico-Toluca y el\u00e9ctrico urbano de la\nzona metropolitana de Guadalajara.<\/p>\n\n\n\n<p>Colmenares\nP\u00e1ramo enfatiz\u00f3 que en lo correspondiente a las denuncias penales de la cuenta\np\u00fablica 2018, se presentar\u00e1n en t\u00e9rminos de la Ley de Fiscalizaci\u00f3n y Rendici\u00f3n\nde Cuentas de la Federaci\u00f3n, es decir, en el momento en que se tengan todos los\nelementos para tal efecto. El resto de la fiscalizaci\u00f3n, con 875 auditor\u00edas\npendientes, se entregar\u00e1 en febrero de 2020.<\/p>\n","protected":false},"excerpt":{"rendered":"<p>Redacci\u00f3n\/Zona Roja Cdmx. Ciudad de M\u00e9xico, 1 de noviembre de 2019.- En la segunda revisi\u00f3n&hellip;<\/p>\n","protected":false},"author":2,"featured_media":5323,"comment_status":"closed","ping_status":"open","sticky":false,"template":"","format":"standard","meta":{"_lmt_disableupdate":"","_lmt_disable":"","_jetpack_memberships_contains_paid_content":false,"footnotes":""},"categories":[109,47],"tags":[738,822],"class_list":["post-5322","post","type-post","status-publish","format-standard","has-post-thumbnail","hentry","category-minuto-a-minuto","category-zona-gris","tag-auditoria-superior-de-la-federacion","tag-enrique-pena-nieto"],"jetpack_featured_media_url":"https:\/\/zonaroja.com.mx\/wp-content\/uploads\/2019\/11\/ASF.jpg","jetpack_sharing_enabled":true,"_links":{"self":[{"href":"https:\/\/zonaroja.com.mx\/index.php?rest_route=\/wp\/v2\/posts\/5322","targetHints":{"allow":["GET"]}}],"collection":[{"href":"https:\/\/zonaroja.com.mx\/index.php?rest_route=\/wp\/v2\/posts"}],"about":[{"href":"https:\/\/zonaroja.com.mx\/index.php?rest_route=\/wp\/v2\/types\/post"}],"author":[{"embeddable":true,"href":"https:\/\/zonaroja.com.mx\/index.php?rest_route=\/wp\/v2\/users\/2"}],"replies":[{"embeddable":true,"href":"https:\/\/zonaroja.com.mx\/index.php?rest_route=%2Fwp%2Fv2%2Fcomments&post=5322"}],"version-history":[{"count":1,"href":"https:\/\/zonaroja.com.mx\/index.php?rest_route=\/wp\/v2\/posts\/5322\/revisions"}],"predecessor-version":[{"id":5324,"href":"https:\/\/zonaroja.com.mx\/index.php?rest_route=\/wp\/v2\/posts\/5322\/revisions\/5324"}],"wp:featuredmedia":[{"embeddable":true,"href":"https:\/\/zonaroja.com.mx\/index.php?rest_route=\/wp\/v2\/media\/5323"}],"wp:attachment":[{"href":"https:\/\/zonaroja.com.mx\/index.php?rest_route=%2Fwp%2Fv2%2Fmedia&parent=5322"}],"wp:term":[{"taxonomy":"category","embeddable":true,"href":"https:\/\/zonaroja.com.mx\/index.php?rest_route=%2Fwp%2Fv2%2Fcategories&post=5322"},{"taxonomy":"post_tag","embeddable":true,"href":"https:\/\/zonaroja.com.mx\/index.php?rest_route=%2Fwp%2Fv2%2Ftags&post=5322"}],"curies":[{"name":"wp","href":"https:\/\/api.w.org\/{rel}","templated":true}]}}