{"id":53220,"date":"2023-03-25T08:30:00","date_gmt":"2023-03-25T14:30:00","guid":{"rendered":"http:\/\/www.zonaroja.com.mx\/?p=53220"},"modified":"2023-03-25T07:18:36","modified_gmt":"2023-03-25T13:18:36","slug":"suspende-la-suprema-corte-el-plan-b-de-lopez-obrador-para-el-ine","status":"publish","type":"post","link":"https:\/\/zonaroja.com.mx\/?p=53220","title":{"rendered":"Suspende la Suprema Corte el \u201cPlan B\u201d de L\u00f3pez Obrador para el INE"},"content":{"rendered":"\n<p>Redacci\u00f3n\/Zona Roja Cdmx.<\/p>\n\n\n\n<p>Ciudad de M\u00e9xico, a 25 de marzo de 2023.- El ministro Javier Laynez Potisek otorg\u00f3 una suspensi\u00f3n contra toda la reforma electoral propuesta por el presidente Andr\u00e9s Manuel L\u00f3pez Obrador, el conocido \u2018Plan B\u2019.<\/p>\n\n\n\n<p>En un comunicado, la Suprema Corte de Justicia de la Naci\u00f3n explic\u00f3 que el ministro otorg\u00f3 al Instituto Nacional Electoral (INE) una suspensi\u00f3n provisional contra todos los art\u00edculos del plan B \u201dpara efecto de que las cosas se mantengan en el estado en el que hoy se encuentran y rijan las disposiciones vigentes antes de la respectiva reforma\u201d.<\/p>\n\n\n\n<p>\u201cDicha suspensi\u00f3n fue otorgada debido a que el decreto no solo contiene normas de car\u00e1cter general sino tambi\u00e9n actos concretos de aplicaci\u00f3n, sobre los cuales la suspensi\u00f3n generalmente se concede\u201d, agreg\u00f3.<\/p>\n\n\n\n<p>La Corte justific\u00f3 la medida al considerar que el Plan B plantea una posible violaci\u00f3n a los derechos pol\u00edtico-electorales de las y los mexicanos.<\/p>\n\n\n\n<p>Ciro Murayama, consejero del Instituto Nacional Electoral (INE), festej\u00f3 la medida, al se\u00f1alar que \u201cla defensa ciudadana de las elecciones aut\u00e9nticas vali\u00f3 la pena\u201d.<\/p>\n\n\n\n<p>\u201cEst\u00e1n en pie la divisi\u00f3n de poderes y la democracia. Gran d\u00eda para M\u00e9xico y sus libertades\u201d, tuite\u00f3.<\/p>\n\n\n\n<p>\u00bfQU\u00c9 SIGNIFICA?<\/p>\n\n\n\n<p>No se puede modifiar el esquema de organizaci\u00f3n del INE, es decir, se suspenden todos los despidos masivos que se iban a aplicar en los \u00f3rganos de direcci\u00f3n, ejecutivos, t\u00e9cnicos y de vigilancia.<\/p>\n\n\n\n<p>El INE podr\u00e1 conservar su personal \u201ca nivel central y delegacional\u201d.<\/p>\n\n\n\n<p>Las prestaciones laborales de los trabajadores del \u00f3rgano electoral no podr\u00e1n ser \u2018tocadas\u2019.<\/p>\n\n\n\n<p>El titular de la Secretar\u00eda Ejecutiva del INE, Edmundo Jacobo Molina, no podr\u00e1 ser cesado.<\/p>\n\n\n\n<p>El INE no est\u00e1 obligado (por ahora) a emitir un nuevo estatuto del Servicio Profesional Electoral Nacional \u201cque tenga como objetivo unificar sus dos sistemas: del Instituto y de los organismos p\u00fablicos locales\u201d.<\/p>\n\n\n\n<p>Se pausa la extinci\u00f3n de los fideicomisos de pasivo laboral y de infraestructura inmobiliaria del INE.<\/p>\n\n\n\n<p>(Informaci\u00f3n de \u201cEl Financiero\u201d)<\/p>\n","protected":false},"excerpt":{"rendered":"<p>Redacci\u00f3n\/Zona Roja Cdmx. Ciudad de M\u00e9xico, a 25 de marzo de 2023.- El ministro Javier&hellip;<\/p>\n","protected":false},"author":2,"featured_media":15313,"comment_status":"closed","ping_status":"open","sticky":false,"template":"","format":"standard","meta":{"_lmt_disableupdate":"","_lmt_disable":"","_jetpack_memberships_contains_paid_content":false,"footnotes":""},"categories":[109,47],"tags":[2764],"class_list":["post-53220","post","type-post","status-publish","format-standard","has-post-thumbnail","hentry","category-minuto-a-minuto","category-zona-gris","tag-instituto-nacional-electoral-ine"],"jetpack_featured_media_url":"https:\/\/zonaroja.com.mx\/wp-content\/uploads\/2020\/07\/Suprema-Corte-de-Justicia-de-la-Naci\u00f3n.jpg","jetpack_sharing_enabled":true,"_links":{"self":[{"href":"https:\/\/zonaroja.com.mx\/index.php?rest_route=\/wp\/v2\/posts\/53220","targetHints":{"allow":["GET"]}}],"collection":[{"href":"https:\/\/zonaroja.com.mx\/index.php?rest_route=\/wp\/v2\/posts"}],"about":[{"href":"https:\/\/zonaroja.com.mx\/index.php?rest_route=\/wp\/v2\/types\/post"}],"author":[{"embeddable":true,"href":"https:\/\/zonaroja.com.mx\/index.php?rest_route=\/wp\/v2\/users\/2"}],"replies":[{"embeddable":true,"href":"https:\/\/zonaroja.com.mx\/index.php?rest_route=%2Fwp%2Fv2%2Fcomments&post=53220"}],"version-history":[{"count":2,"href":"https:\/\/zonaroja.com.mx\/index.php?rest_route=\/wp\/v2\/posts\/53220\/revisions"}],"predecessor-version":[{"id":53222,"href":"https:\/\/zonaroja.com.mx\/index.php?rest_route=\/wp\/v2\/posts\/53220\/revisions\/53222"}],"wp:featuredmedia":[{"embeddable":true,"href":"https:\/\/zonaroja.com.mx\/index.php?rest_route=\/wp\/v2\/media\/15313"}],"wp:attachment":[{"href":"https:\/\/zonaroja.com.mx\/index.php?rest_route=%2Fwp%2Fv2%2Fmedia&parent=53220"}],"wp:term":[{"taxonomy":"category","embeddable":true,"href":"https:\/\/zonaroja.com.mx\/index.php?rest_route=%2Fwp%2Fv2%2Fcategories&post=53220"},{"taxonomy":"post_tag","embeddable":true,"href":"https:\/\/zonaroja.com.mx\/index.php?rest_route=%2Fwp%2Fv2%2Ftags&post=53220"}],"curies":[{"name":"wp","href":"https:\/\/api.w.org\/{rel}","templated":true}]}}