{"id":53225,"date":"2023-03-25T09:37:00","date_gmt":"2023-03-25T15:37:00","guid":{"rendered":"http:\/\/www.zonaroja.com.mx\/?p=53225"},"modified":"2023-03-25T07:58:04","modified_gmt":"2023-03-25T13:58:04","slug":"exige-la-seccion-22-del-snte-justicia-para-profesor-asesinado","status":"publish","type":"post","link":"https:\/\/zonaroja.com.mx\/?p=53225","title":{"rendered":"Exige la Secci\u00f3n 22 del SNTE justicia para profesor asesinado"},"content":{"rendered":"\n<p>Ismael Garc\u00eda M.\/Zona Roja.<\/p>\n\n\n\n<p>Oaxaca de Ju\u00e1rez, Oax., a 25 de marzo de 2023.- La Secci\u00f3n 22 del Sindicato Nacional de Trabajadores de la Educaci\u00f3n (SNTE) exigi\u00f3 castigo a los responsables del asesinato del profesor Omar Torres Jim\u00e9nez.<\/p>\n\n\n\n<p>El docente realizaba sus labores en la zona escolar 078 de Santiago Amoltepec, a donde se trasladaba en el momento de ser emboscado por sujetos hasta ahora desconocidos, quienes lo acribillaron en su veh\u00edculo, el pasado 22 de marzo.<\/p>\n\n\n\n<p>\u201cDesde la Jefatura 01 de Santa Mar\u00eda Ixcotel,&nbsp;del Nivel de Educaci\u00f3n de los Pueblos Originarios de Oaxaca, el camarada entreg\u00f3 sus d\u00edas laborables en apoyo a la educaci\u00f3n de nuestros pueblos.&nbsp;<\/p>\n\n\n\n<p>Este Movimiento Democr\u00e1tico de Trabajadores de la Educaci\u00f3n de Oaxaca exige justicia para nuestro compa\u00f1ero a quien cobardemente le arrebataron la vida. Nos solidarizamos con la familia, amigos y compa\u00f1eros en este momento en la exigencia de castigo a los responsables de este cobarde hecho\u201d, difundi\u00f3 en un comunicado.<\/p>\n\n\n\n<p>En tanto, la Fiscal\u00eda General del Estado de Oaxaca dio a conocer que desde el primer momento despleg\u00f3 a personal de la Agencia Estatal de Investigaciones y peritos, con la finalidad de realizar las indagatorias correspondientes que lleven a la identificaci\u00f3n y aprehensi\u00f3n del o de los responsables del crimen.<\/p>\n","protected":false},"excerpt":{"rendered":"<p>Ismael Garc\u00eda M.\/Zona Roja. Oaxaca de Ju\u00e1rez, Oax., a 25 de marzo de 2023.- La&hellip;<\/p>\n","protected":false},"author":2,"featured_media":53214,"comment_status":"closed","ping_status":"open","sticky":false,"template":"","format":"standard","meta":{"_lmt_disableupdate":"","_lmt_disable":"","_jetpack_memberships_contains_paid_content":false,"footnotes":""},"categories":[109,47],"tags":[312],"class_list":["post-53225","post","type-post","status-publish","format-standard","has-post-thumbnail","hentry","category-minuto-a-minuto","category-zona-gris","tag-seccion-22-del-snte"],"jetpack_featured_media_url":"https:\/\/zonaroja.com.mx\/wp-content\/uploads\/2023\/03\/Seccion-22-del-SNTE-Omar-Torres-Jimenez.jpg","jetpack_sharing_enabled":true,"_links":{"self":[{"href":"https:\/\/zonaroja.com.mx\/index.php?rest_route=\/wp\/v2\/posts\/53225","targetHints":{"allow":["GET"]}}],"collection":[{"href":"https:\/\/zonaroja.com.mx\/index.php?rest_route=\/wp\/v2\/posts"}],"about":[{"href":"https:\/\/zonaroja.com.mx\/index.php?rest_route=\/wp\/v2\/types\/post"}],"author":[{"embeddable":true,"href":"https:\/\/zonaroja.com.mx\/index.php?rest_route=\/wp\/v2\/users\/2"}],"replies":[{"embeddable":true,"href":"https:\/\/zonaroja.com.mx\/index.php?rest_route=%2Fwp%2Fv2%2Fcomments&post=53225"}],"version-history":[{"count":1,"href":"https:\/\/zonaroja.com.mx\/index.php?rest_route=\/wp\/v2\/posts\/53225\/revisions"}],"predecessor-version":[{"id":53226,"href":"https:\/\/zonaroja.com.mx\/index.php?rest_route=\/wp\/v2\/posts\/53225\/revisions\/53226"}],"wp:featuredmedia":[{"embeddable":true,"href":"https:\/\/zonaroja.com.mx\/index.php?rest_route=\/wp\/v2\/media\/53214"}],"wp:attachment":[{"href":"https:\/\/zonaroja.com.mx\/index.php?rest_route=%2Fwp%2Fv2%2Fmedia&parent=53225"}],"wp:term":[{"taxonomy":"category","embeddable":true,"href":"https:\/\/zonaroja.com.mx\/index.php?rest_route=%2Fwp%2Fv2%2Fcategories&post=53225"},{"taxonomy":"post_tag","embeddable":true,"href":"https:\/\/zonaroja.com.mx\/index.php?rest_route=%2Fwp%2Fv2%2Ftags&post=53225"}],"curies":[{"name":"wp","href":"https:\/\/api.w.org\/{rel}","templated":true}]}}