{"id":53229,"date":"2023-03-25T11:02:00","date_gmt":"2023-03-25T17:02:00","guid":{"rendered":"http:\/\/www.zonaroja.com.mx\/?p=53229"},"modified":"2023-03-25T08:04:02","modified_gmt":"2023-03-25T14:04:02","slug":"santa-cruz-xoxocotlan-pionero-en-la-proteccion-de-los-derechos-de-menores","status":"publish","type":"post","link":"https:\/\/zonaroja.com.mx\/?p=53229","title":{"rendered":"Santa Cruz Xoxocotl\u00e1n, pionero en la protecci\u00f3n de los derechos de menores"},"content":{"rendered":"\n<p>Redacci\u00f3n\/Zona Roja.<\/p>\n\n\n\n<p>Oaxaca de Ju\u00e1rez, Oax., a 25 de marzo de 2023.- En un hecho hist\u00f3rico para Santa Cruz Xoxocotl\u00e1n, municipio gobernado por Inocente \u201cChente\u201d Castellanos, se instal\u00f3 por primera vez el Sistema Municipal de Protecci\u00f3n Integral de los Derechos de Ni\u00f1as, Ni\u00f1os y Adolescentes, en las oficinas del DIF Municipal.<\/p>\n\n\n\n<p>\u00abLa creaci\u00f3n de este sistema tiene como objetivo el generar pol\u00edticas p\u00fablicas que velen y contribuyan para que en Xoxo, existan las condiciones necesarias para generar infancias felices, y sobre todo, libres de todo tipo de violencia, salvaguardando en todo momento los derechos de las y los infantes y adolescentes\u00bb, dijo el edil xoxe\u00f1o en su mensaje.<\/p>\n\n\n\n<p>Destac\u00f3 que como autoridad municipal, est\u00e1n obligados a trabajar en favor de todas las familias de Xoxocotl\u00e1n, pero que es de vital importancia prestar una atenci\u00f3n especial al bienestar de las mujeres, ni\u00f1as, ni\u00f1os, adolescentes y personas con alguna discapacidad, porque son quienes m\u00e1s necesitan de la protecci\u00f3n y el respaldo de las autoridades municipales, \u00aby as\u00ed ser\u00e1 hasta el \u00faltimo d\u00eda de mi mandato\u00bb, reafirm\u00f3.<\/p>\n\n\n\n<p>El edil felicit\u00f3 y reconoci\u00f3 la suma de esfuerzos de las y los concejales del Cabildo de Santa Cruz Xoxocotl\u00e1n, de las coordinaciones que se integraron a este sistema municipal y del SIPINNA Oaxaca, que encabeza Alma Deysi Bautista Ramos.<\/p>\n\n\n\n<p>\u00abSi seguimos trabajando en unidad lograremos los objetivos trazados por el bienestar de la ni\u00f1ez xoxe\u00f1a\u00bb, indic\u00f3.<\/p>\n\n\n\n<p>FERIA DE PREVENCI\u00d3N<\/p>\n\n\n\n<p>Por otra parte, en suma de esfuerzos con los Servicios de Salud de Oaxaca (SSO), el municipio de Santa Cruz Xoxocotl\u00e1n fue sede de la Primera Feria de Prevenci\u00f3n de Accidentes dirigida a preescolares y adolescentes en las escuelas de la demarcaci\u00f3n.<\/p>\n\n\n\n<p>Menores de las escuelas \u201cNi\u00f1os H\u00e9roes\u201d, &nbsp;\u201cMacedonio Alcal\u00e1\u201d y j\u00f3venes del CBTis 259, tuvieron acceso a estas actividades, a trav\u00e9s de las cuales se busca concientizar a las personas, sobre las situaciones que pueden ser riesgosas en el hogar y la escuela.<\/p>\n\n\n\n<p>Entre algunas de las recomendaciones que hicieron las autoridades de Salud a los estudiantes, fueron no llevar a las escuelas cerillos o encendedores, objetos punzocortantes, no pararse sobre las sillas o mesa bancos, evitar correr por los pasillos para evitar percances que pongan en peligro su vida, enaltecer el respeto entre compa\u00f1eros as\u00ed como evitar juegos violentos.<\/p>\n\n\n\n<p>En total se capacitaron a mil alumnas y alumnos de escuelas de Santa Cruz Xoxocotl\u00e1n.<\/p>\n\n\n\n<p>El presidente municipal de Xoxocotl\u00e1n, Inocente Castellanos, destac\u00f3 el inter\u00e9s de su administraci\u00f3n para reducir los accidentes en este municipio y la importancia de una educaci\u00f3n vial que permita reducir accidentes y gozar con plenitud de todas las etapas de la vida.<\/p>\n\n\n\n<p>Cabe destacar que en estas actividades particip\u00f3 tambi\u00e9n la Unidad de Prevenci\u00f3n del Delito de la Comisi\u00f3n de Seguridad P\u00fablica Municipal, Vialidad y Protecci\u00f3n Ciudadana del H. Ayuntamiento de Santa Cruz Xoxocotl\u00e1n.<\/p>\n","protected":false},"excerpt":{"rendered":"<p>Redacci\u00f3n\/Zona Roja. Oaxaca de Ju\u00e1rez, Oax., a 25 de marzo de 2023.- En un hecho&hellip;<\/p>\n","protected":false},"author":2,"featured_media":53203,"comment_status":"closed","ping_status":"open","sticky":false,"template":"","format":"standard","meta":{"_lmt_disableupdate":"","_lmt_disable":"","_jetpack_memberships_contains_paid_content":false,"footnotes":""},"categories":[109,46],"tags":[133],"class_list":["post-53229","post","type-post","status-publish","format-standard","has-post-thumbnail","hentry","category-minuto-a-minuto","category-zona-blanca","tag-santa-cruz-xoxocotlan"],"jetpack_featured_media_url":"https:\/\/zonaroja.com.mx\/wp-content\/uploads\/2023\/03\/Santa-Cruz-Xoxocotlan-Inocente-Castellanos.jpg","jetpack_sharing_enabled":true,"_links":{"self":[{"href":"https:\/\/zonaroja.com.mx\/index.php?rest_route=\/wp\/v2\/posts\/53229","targetHints":{"allow":["GET"]}}],"collection":[{"href":"https:\/\/zonaroja.com.mx\/index.php?rest_route=\/wp\/v2\/posts"}],"about":[{"href":"https:\/\/zonaroja.com.mx\/index.php?rest_route=\/wp\/v2\/types\/post"}],"author":[{"embeddable":true,"href":"https:\/\/zonaroja.com.mx\/index.php?rest_route=\/wp\/v2\/users\/2"}],"replies":[{"embeddable":true,"href":"https:\/\/zonaroja.com.mx\/index.php?rest_route=%2Fwp%2Fv2%2Fcomments&post=53229"}],"version-history":[{"count":1,"href":"https:\/\/zonaroja.com.mx\/index.php?rest_route=\/wp\/v2\/posts\/53229\/revisions"}],"predecessor-version":[{"id":53230,"href":"https:\/\/zonaroja.com.mx\/index.php?rest_route=\/wp\/v2\/posts\/53229\/revisions\/53230"}],"wp:featuredmedia":[{"embeddable":true,"href":"https:\/\/zonaroja.com.mx\/index.php?rest_route=\/wp\/v2\/media\/53203"}],"wp:attachment":[{"href":"https:\/\/zonaroja.com.mx\/index.php?rest_route=%2Fwp%2Fv2%2Fmedia&parent=53229"}],"wp:term":[{"taxonomy":"category","embeddable":true,"href":"https:\/\/zonaroja.com.mx\/index.php?rest_route=%2Fwp%2Fv2%2Fcategories&post=53229"},{"taxonomy":"post_tag","embeddable":true,"href":"https:\/\/zonaroja.com.mx\/index.php?rest_route=%2Fwp%2Fv2%2Ftags&post=53229"}],"curies":[{"name":"wp","href":"https:\/\/api.w.org\/{rel}","templated":true}]}}