{"id":53241,"date":"2023-03-26T07:59:11","date_gmt":"2023-03-26T13:59:11","guid":{"rendered":"http:\/\/www.zonaroja.com.mx\/?p=53241"},"modified":"2023-03-26T07:59:12","modified_gmt":"2023-03-26T13:59:12","slug":"tragedia-en-oaxaca-tres-mujeres-y-tres-varones-muertos-entre-ellos-edil-por-accidente","status":"publish","type":"post","link":"https:\/\/zonaroja.com.mx\/?p=53241","title":{"rendered":"Tragedia en Oaxaca: tres mujeres y tres varones muertos, entre ellos edil, por accidente"},"content":{"rendered":"\n<p>Redacci\u00f3n\/Zona Roja.<\/p>\n\n\n\n<p>Oaxaca de Ju\u00e1rez, Oax., a 26 de marzo de 2023.- Tres mujeres y tres varones, entre ellos el presidente municipal de Santa Mar\u00eda Temaxcaltepec, distrito de Juquila, perdieron la vida ayer a causa de un accidente carretero en la regi\u00f3n Costa de Oaxaca.<\/p>\n\n\n\n<p>El percance ocurri\u00f3 la tarde del s\u00e1bado al volar una camioneta tipo Suburban en que viajaban los integrantes del Cabildo, a la altura del paraje \u201cLa Hierbabuena\u201d de ese municipio, en el camino que conduce a Santos Reyes Nopala.<\/p>\n\n\n\n<p>Las v\u00edctimas fueron identificadas como Agust\u00edn Mart\u00ednez Quintas, presidente municipal de Temaxcltepec; Saluciana Cruz Polar, s\u00edndica de Obras; Francisco Cirrus Salinas, suplente del s\u00edndico de Salud; Juliana Rural Faro, suplente de Obras; Francisco Javier Mart\u00ednez Pedro, secretario y ch\u00f3fer de la camioneta, y Petrona Mendoza Cruz, s\u00edndica de Salud.<\/p>\n\n\n\n<p>En tanto que resultaron lesionados Juan Salinas Salinas, s\u00edndico Propietario; Ricardo Rural Acasia, suplente de presidente municipal.<\/p>\n\n\n\n<p>Personal de la Fiscal\u00eda General del Estado de Oaxaca acudi\u00f3 a la zona para el levantamiento de los cuerpos as\u00ed como las evidencias a fin de proceder en contra del probable responsable del m\u00faltiple homicidio culposo.<\/p>\n\n\n\n<p>A trav\u00e9s de las redes sociales, el gobernador Salom\u00f3n Jara Cruz expres\u00f3 sus condolencias a los familiares de las v\u00edctimas as\u00ed como a la poblaci\u00f3n de Temaxcaltepec.<\/p>\n","protected":false},"excerpt":{"rendered":"<p>Redacci\u00f3n\/Zona Roja. Oaxaca de Ju\u00e1rez, Oax., a 26 de marzo de 2023.- Tres mujeres y&hellip;<\/p>\n","protected":false},"author":2,"featured_media":53240,"comment_status":"closed","ping_status":"open","sticky":false,"template":"","format":"standard","meta":{"_lmt_disableupdate":"","_lmt_disable":"","_jetpack_memberships_contains_paid_content":false,"footnotes":""},"categories":[109,51],"tags":[],"class_list":["post-53241","post","type-post","status-publish","format-standard","has-post-thumbnail","hentry","category-minuto-a-minuto","category-zona-roja"],"jetpack_featured_media_url":"https:\/\/zonaroja.com.mx\/wp-content\/uploads\/2023\/03\/9eef2e5f-7197-4414-8665-5a9f60ca1e51.jpg","jetpack_sharing_enabled":true,"_links":{"self":[{"href":"https:\/\/zonaroja.com.mx\/index.php?rest_route=\/wp\/v2\/posts\/53241","targetHints":{"allow":["GET"]}}],"collection":[{"href":"https:\/\/zonaroja.com.mx\/index.php?rest_route=\/wp\/v2\/posts"}],"about":[{"href":"https:\/\/zonaroja.com.mx\/index.php?rest_route=\/wp\/v2\/types\/post"}],"author":[{"embeddable":true,"href":"https:\/\/zonaroja.com.mx\/index.php?rest_route=\/wp\/v2\/users\/2"}],"replies":[{"embeddable":true,"href":"https:\/\/zonaroja.com.mx\/index.php?rest_route=%2Fwp%2Fv2%2Fcomments&post=53241"}],"version-history":[{"count":1,"href":"https:\/\/zonaroja.com.mx\/index.php?rest_route=\/wp\/v2\/posts\/53241\/revisions"}],"predecessor-version":[{"id":53242,"href":"https:\/\/zonaroja.com.mx\/index.php?rest_route=\/wp\/v2\/posts\/53241\/revisions\/53242"}],"wp:featuredmedia":[{"embeddable":true,"href":"https:\/\/zonaroja.com.mx\/index.php?rest_route=\/wp\/v2\/media\/53240"}],"wp:attachment":[{"href":"https:\/\/zonaroja.com.mx\/index.php?rest_route=%2Fwp%2Fv2%2Fmedia&parent=53241"}],"wp:term":[{"taxonomy":"category","embeddable":true,"href":"https:\/\/zonaroja.com.mx\/index.php?rest_route=%2Fwp%2Fv2%2Fcategories&post=53241"},{"taxonomy":"post_tag","embeddable":true,"href":"https:\/\/zonaroja.com.mx\/index.php?rest_route=%2Fwp%2Fv2%2Ftags&post=53241"}],"curies":[{"name":"wp","href":"https:\/\/api.w.org\/{rel}","templated":true}]}}