{"id":53248,"date":"2023-03-26T10:01:44","date_gmt":"2023-03-26T16:01:44","guid":{"rendered":"http:\/\/www.zonaroja.com.mx\/?p=53248"},"modified":"2023-03-26T10:01:47","modified_gmt":"2023-03-26T16:01:47","slug":"no-paran-ejecuciones-en-oaxaca-anoche-otro-en-san-blas-atempa-2","status":"publish","type":"post","link":"https:\/\/zonaroja.com.mx\/?p=53248","title":{"rendered":"No paran ejecuciones en Oaxaca; anoche otro en San Blas Atempa"},"content":{"rendered":"\n<p>Ismael Garc\u00eda M.\/Zona Roja.<\/p>\n\n\n\n<p>Oaxaca de Ju\u00e1rez, Oax., a 26 de marzo de 2023.- Una persona fue ejecutada anoche a balazos en San Blas Atempa, municipio de la regi\u00f3n del Istmo de Tehuantepec.<\/p>\n\n\n\n<p>El crimen se perpetr\u00f3 alrededor de las 22:30 horas en un domicilio ubicado en la calle Matamoros de la colonia Campo Torre, donde adem\u00e1s hubo dos lesionados de bala.<\/p>\n\n\n\n<p>De acuerdo con reportes policiacos, la v\u00edctima fue identificada de manera preliminar como Jos\u00e9 Abel V. J., m\u00e1s conocido como \u201cEl Chema\u201d, mientras que de los heridos no se revel\u00f3 su identidad, pues se retiraron por sus propios medios.<\/p>\n\n\n\n<p>Por otra parte, en un hospital del municipio de Mat\u00edas Romero Avenda\u00f1o, este s\u00e1bado perdi\u00f3 la vida una persona del sexo masculino hasta ahora no identificada, quien fue baleada el pasado lunes 13 de marzo.<\/p>\n\n\n\n<p>Ayer las autoridades polic\u00edas difundieron las fotograf\u00edas, con la finalidad de que alguna persona lo identificara, para no llevar el cuerpo a una fosa com\u00fan.<\/p>\n\n\n\n<p>La v\u00edctima fue atacada a balazos hace casi dos semanas en la calle Ayuntamiento, en el centro de ese municipio, donde muri\u00f3 otra persona.<br><br><\/p>\n","protected":false},"excerpt":{"rendered":"<p>Ismael Garc\u00eda M.\/Zona Roja. Oaxaca de Ju\u00e1rez, Oax., a 26 de marzo de 2023.- Una&hellip;<\/p>\n","protected":false},"author":2,"featured_media":52455,"comment_status":"closed","ping_status":"open","sticky":false,"template":"","format":"standard","meta":{"_lmt_disableupdate":"","_lmt_disable":"","_jetpack_memberships_contains_paid_content":false,"footnotes":""},"categories":[109,51],"tags":[],"class_list":["post-53248","post","type-post","status-publish","format-standard","has-post-thumbnail","hentry","category-minuto-a-minuto","category-zona-roja"],"jetpack_featured_media_url":"https:\/\/zonaroja.com.mx\/wp-content\/uploads\/2023\/03\/Escena-crimen-asesinato-violencia.jpg","jetpack_sharing_enabled":true,"_links":{"self":[{"href":"https:\/\/zonaroja.com.mx\/index.php?rest_route=\/wp\/v2\/posts\/53248","targetHints":{"allow":["GET"]}}],"collection":[{"href":"https:\/\/zonaroja.com.mx\/index.php?rest_route=\/wp\/v2\/posts"}],"about":[{"href":"https:\/\/zonaroja.com.mx\/index.php?rest_route=\/wp\/v2\/types\/post"}],"author":[{"embeddable":true,"href":"https:\/\/zonaroja.com.mx\/index.php?rest_route=\/wp\/v2\/users\/2"}],"replies":[{"embeddable":true,"href":"https:\/\/zonaroja.com.mx\/index.php?rest_route=%2Fwp%2Fv2%2Fcomments&post=53248"}],"version-history":[{"count":1,"href":"https:\/\/zonaroja.com.mx\/index.php?rest_route=\/wp\/v2\/posts\/53248\/revisions"}],"predecessor-version":[{"id":53249,"href":"https:\/\/zonaroja.com.mx\/index.php?rest_route=\/wp\/v2\/posts\/53248\/revisions\/53249"}],"wp:featuredmedia":[{"embeddable":true,"href":"https:\/\/zonaroja.com.mx\/index.php?rest_route=\/wp\/v2\/media\/52455"}],"wp:attachment":[{"href":"https:\/\/zonaroja.com.mx\/index.php?rest_route=%2Fwp%2Fv2%2Fmedia&parent=53248"}],"wp:term":[{"taxonomy":"category","embeddable":true,"href":"https:\/\/zonaroja.com.mx\/index.php?rest_route=%2Fwp%2Fv2%2Fcategories&post=53248"},{"taxonomy":"post_tag","embeddable":true,"href":"https:\/\/zonaroja.com.mx\/index.php?rest_route=%2Fwp%2Fv2%2Ftags&post=53248"}],"curies":[{"name":"wp","href":"https:\/\/api.w.org\/{rel}","templated":true}]}}