{"id":5325,"date":"2019-11-01T15:01:08","date_gmt":"2019-11-01T21:01:08","guid":{"rendered":"http:\/\/www.zonaroja.com.mx\/?p=5325"},"modified":"2019-11-01T15:01:11","modified_gmt":"2019-11-01T21:01:11","slug":"transcurren-17-meses-de-negacion-sistematica-de-justicia-para-maria-del-sol","status":"publish","type":"post","link":"https:\/\/zonaroja.com.mx\/?p=5325","title":{"rendered":"Transcurren 17 meses de negaci\u00f3n sistem\u00e1tica de justicia para Mar\u00eda del Sol"},"content":{"rendered":"\n<p>Evlin\nArag\u00f3n\/Zona Roja.<\/p>\n\n\n\n<p>Foto:\nEspecial <\/p>\n\n\n\n<p>Oaxaca de\nJu\u00e1rez, Oax., 1 de noviembre de 2019.- Este s\u00e1bado 2 de noviembre se cumplen 17\nmeses del asesinato de la fotoperiodista Mar\u00eda del Sol Cruz Jarqu\u00edn, sin que\nexista avance en torno al caso. <\/p>\n\n\n\n<p>Su familia\nasegura que se le ha negado sistem\u00e1ticamente la justicia, ante una Fiscal\u00eda\nGeneral del Estado de Oaxaca, encabezada por Rub\u00e9n Vasconcelos M\u00e9ndez, omisa y\ndeficiente.<\/p>\n\n\n\n<p>\u201cHan pasado\n17 meses que pesan sobre el alma de la familia de Mar\u00eda del Sol, rota por la\nambici\u00f3n de poder econ\u00f3mico y pol\u00edtico; socavada por quienes dan protecci\u00f3n a\nlos criminales intelectuales del triple asesinato y lastimada por cada d\u00eda en\nque la Fiscal\u00eda y su titular Rub\u00e9n Vasconcelos M\u00e9ndez, contra su mandato en el\nejercicio del cargo, no cumplen con su responsabilidad: hacer justicia\u201d,\nexplic\u00f3 la familia en un comunicado.<\/p>\n\n\n\n<p>En este\nsentido la madre de la joven, la periodista Soledad Jarqu\u00edn Edgar explic\u00f3 que\nde las tres carpetas de investigaci\u00f3n abiertas por la Fiscal\u00eda, ninguna cuenta\ncon resultados contundentes que permitan la plena identificaci\u00f3n de los\nresponsables del asesinato de Mar\u00eda del Sol, Pamela Ter\u00e1n Pineda y Adelfo\nJim\u00e9nez Guerra, hechos ocurridos en Juchit\u00e1n de Zaragoza la madrugada del 2 de\njunio en el contexto electoral de 2018, y la sanci\u00f3n de los mismos.<\/p>\n\n\n\n<p>Record\u00f3 que\nhan hecho caso omiso a la resoluci\u00f3n de la Quinta Sala Penal del Tribunal\nSuperior de Justicia del Estado, que sostiene la negligente y deficiente\ninvestigaci\u00f3n hecha por la Fiscal\u00eda, mientras que la Fiscal\u00eda Especializada en\nDelitos Electorales, a cargo de Araceli Pinelo L\u00f3pez, no s\u00f3lo ha obstaculizado\nla judicializaci\u00f3n de la carpeta de investigaci\u00f3n, sino que argumentando que se\ntrata de un probable delito electoral, impide la revisi\u00f3n de la carpeta de\ninvestigaci\u00f3n.<\/p>\n\n\n\n<p>Otras de las\ndeficiencias de la Fiscal\u00eda es que no integr\u00f3 debidamente la carpeta de\ninvestigaci\u00f3n por el delito de robo, por lo que probable responsable del hurto\ndel equipo fotogr\u00e1fico, de video y computadora propiedad de Mar\u00eda del Sol, no\nacudi\u00f3 a la audiencia de comunicaci\u00f3n de imputaci\u00f3n lo que ocurri\u00f3 en agosto\npasado.<\/p>\n\n\n\n<p>Jarqu\u00edn\nEdgar lament\u00f3 que pese m\u00e1s la protecci\u00f3n de funcionarios, como en el caso de\nFrancisco Montero L\u00f3pez quien incurri\u00f3 en un delito electoral y sac\u00f3 provecho\nal hacer uso de recursos p\u00fablicos, humanos y materiales, sin que haya sido\nsancionado hasta el momento por el gobernador de Oaxaca, Alejandro Murat\nHinojosa como lo dictaminaron las autoridades federales.<\/p>\n\n\n\n<p>\u201cSon 17\nmeses de honrar la vida y la memoria de Mar\u00eda del Sol Cruz Jarqu\u00edn; seguiremos\nexigiendo justicia hasta que sea una realidad, porque es un derecho de las\nv\u00edctimas directas e indirectas. La omisi\u00f3n, negligencia y simulaci\u00f3n de las\nautoridades han puesto al pa\u00eds y Oaxaca no es la excepci\u00f3n en el lugar donde\nhoy estamos. No lo podemos permitir\u201d, concluy\u00f3 la periodista.<\/p>\n\n\n\n<p>Mar\u00eda del\nSol fue asesinada el 2 de junio del 2018, luego de ser obligada a cubrir la\ncampa\u00f1a del entonces candidato a la presidencia municipal de Juchit\u00e1n de\nZaragoza, Hageo Montero L\u00f3pez, hoy regidor en el Cabildo de esa poblaci\u00f3n\nistme\u00f1a. Fue su jefe, hermano del candidato y titular de la Secretar\u00eda de\nAsuntos Ind\u00edgenas, Francisco Montero L\u00f3pez quien orden\u00f3 el traslado de la joven\na finales de abril de 2018, quien acept\u00f3 por temor a perder su empleo si se\nnegaba.<\/p>\n","protected":false},"excerpt":{"rendered":"<p>Evlin Arag\u00f3n\/Zona Roja. Foto: Especial Oaxaca de Ju\u00e1rez, Oax., 1 de noviembre de 2019.- Este&hellip;<\/p>\n","protected":false},"author":2,"featured_media":5326,"comment_status":"closed","ping_status":"open","sticky":false,"template":"","format":"standard","meta":{"_lmt_disableupdate":"","_lmt_disable":"","_jetpack_memberships_contains_paid_content":false,"footnotes":""},"categories":[109,47],"tags":[494,57,90],"class_list":["post-5325","post","type-post","status-publish","format-standard","has-post-thumbnail","hentry","category-minuto-a-minuto","category-zona-gris","tag-fiscalia-general-del-estado-de-oaxaca","tag-maria-del-sol-cruz","tag-soledad-jarquin"],"jetpack_featured_media_url":"https:\/\/zonaroja.com.mx\/wp-content\/uploads\/2019\/11\/IMG_4454.jpg","jetpack_sharing_enabled":true,"_links":{"self":[{"href":"https:\/\/zonaroja.com.mx\/index.php?rest_route=\/wp\/v2\/posts\/5325","targetHints":{"allow":["GET"]}}],"collection":[{"href":"https:\/\/zonaroja.com.mx\/index.php?rest_route=\/wp\/v2\/posts"}],"about":[{"href":"https:\/\/zonaroja.com.mx\/index.php?rest_route=\/wp\/v2\/types\/post"}],"author":[{"embeddable":true,"href":"https:\/\/zonaroja.com.mx\/index.php?rest_route=\/wp\/v2\/users\/2"}],"replies":[{"embeddable":true,"href":"https:\/\/zonaroja.com.mx\/index.php?rest_route=%2Fwp%2Fv2%2Fcomments&post=5325"}],"version-history":[{"count":1,"href":"https:\/\/zonaroja.com.mx\/index.php?rest_route=\/wp\/v2\/posts\/5325\/revisions"}],"predecessor-version":[{"id":5327,"href":"https:\/\/zonaroja.com.mx\/index.php?rest_route=\/wp\/v2\/posts\/5325\/revisions\/5327"}],"wp:featuredmedia":[{"embeddable":true,"href":"https:\/\/zonaroja.com.mx\/index.php?rest_route=\/wp\/v2\/media\/5326"}],"wp:attachment":[{"href":"https:\/\/zonaroja.com.mx\/index.php?rest_route=%2Fwp%2Fv2%2Fmedia&parent=5325"}],"wp:term":[{"taxonomy":"category","embeddable":true,"href":"https:\/\/zonaroja.com.mx\/index.php?rest_route=%2Fwp%2Fv2%2Fcategories&post=5325"},{"taxonomy":"post_tag","embeddable":true,"href":"https:\/\/zonaroja.com.mx\/index.php?rest_route=%2Fwp%2Fv2%2Ftags&post=5325"}],"curies":[{"name":"wp","href":"https:\/\/api.w.org\/{rel}","templated":true}]}}